{"id":12328,"date":"2025-05-19T14:43:46","date_gmt":"2025-05-19T12:43:46","guid":{"rendered":"https:\/\/timan.dk\/?p=12328"},"modified":"2025-08-06T13:08:54","modified_gmt":"2025-08-06T11:08:54","slug":"12328","status":"publish","type":"post","link":"https:\/\/timan.dk\/de\/12328\/","title":{"rendered":""},"content":{"rendered":"<h4>Treffen Sie uns auf der Demopark 2025 &#8211; Stand D-468!<\/h4>\n<p>Wir freuen uns auf die Teilnahme an der Demopark 2025, Europas gr\u00f6\u00dfter Messe f\u00fcr die gr\u00fcne Branche, die vom 22. bis 24. Juni in <strong>Eisenach, Deutschland<\/strong>, stattfindet.<\/p>\n<p>Besuchen Sie uns an unserem <strong>Stand D-468<\/strong>, wo wir unsere neuesten Maschinenl\u00f6sungen f\u00fcr eine effizientere und nachhaltigere Gr\u00fcnfl\u00e4chenpflege vorstellen werden. Erleben Sie den in D\u00e4nemark entwickelten Timan 3330, der f\u00fcr seine geringe CO2-Bilanz, seinen leisen Betrieb und sein vielseitiges Anbauger\u00e4teprogramm f\u00fcr alle Jahreszeiten bekannt ist &#8211; von der Schneer\u00e4umung \u00fcber das Grasm\u00e4hen bis hin zum Kehren mit der EU-patentierten Saugkehrmaschine.<\/p>\n<p>Au\u00dferdem k\u00f6nnen Sie den neuen RC-1000s erleben, die neueste Version des ferngesteuerten Ger\u00e4tetr\u00e4gers, jetzt mit Abw\u00e4rtsrotation f\u00fcr schwieriges Material, verbessertem Zugang zum Motorraum und vielem mehr.<\/p>\n<p>Unser Team ist bereit, Einblicke zu geben, Funktionen zu demonstrieren und Fragen zu beantworten &#8211; egal, ob Sie eine Kommune, ein Bauunternehmer oder einfach nur neugierig darauf sind, wie die Wartung intelligenter und umweltfreundlicher werden kann.<\/p>\n<p><strong>\ud83d\udccd Wo: Flugplatz Eisenach-Kindel<\/strong><br \/>\n<strong>\ud83d\udd58 Wann: 22.-24. Juni, t\u00e4glich 9:00-18:00 Uhr<\/strong><br \/>\n<strong>\ud83d\udccc Sie finden uns: Stand D-468<\/strong><\/p>\n<p><a href=\"https:\/\/demopark.de\/\" target=\"_blank\" rel=\"noopener\">Demopark 2025 &gt;&gt;<\/a><\/p>\n","protected":false},"excerpt":{"rendered":"<p>Treffen Sie uns auf der Demopark 2025 &#8211; Stand D-468! Wir freuen uns auf die Teilnahme an der Demopark 2025, Europas gr\u00f6\u00dfter Messe f\u00fcr die gr\u00fcne Branche, die vom 22. bis 24. Juni in Eisenach, Deutschland, stattfindet. Besuchen Sie uns an unserem Stand D-468, wo wir unsere neuesten Maschinenl\u00f6sungen f\u00fcr eine effizientere und nachhaltigere Gr\u00fcnfl\u00e4chenpflege &#8230; <a title=\"\" class=\"read-more\" href=\"https:\/\/timan.dk\/de\/12328\/\" aria-label=\"Mehr Informationen \u00fcber \">Weiterlesen &#8230;<\/a><\/p>\n","protected":false},"author":2,"featured_media":12322,"comment_status":"closed","ping_status":"closed","sticky":false,"template":"","format":"standard","meta":{"_acf_changed":false,"footnotes":""},"categories":[134],"tags":[],"class_list":["post-12328","post","type-post","status-publish","format-standard","has-post-thumbnail","hentry","category-neuheit"],"acf":[],"yoast_head":"<!-- This site is optimized with the Yoast SEO plugin v27.5 - https:\/\/yoast.com\/product\/yoast-seo-wordpress\/ -->\n<title>| Timan A\/S<\/title>\n<meta name=\"robots\" content=\"index, follow, max-snippet:-1, max-image-preview:large, max-video-preview:-1\" \/>\n<link rel=\"canonical\" href=\"https:\/\/timan.dk\/12318\/\" \/>\n<meta property=\"og:locale\" content=\"de_DE\" \/>\n<meta property=\"og:type\" content=\"article\" \/>\n<meta property=\"og:title\" content=\"| Timan A\/S\" \/>\n<meta property=\"og:description\" content=\"Treffen Sie uns auf der Demopark 2025 &#8211; Stand D-468! Wir freuen uns auf die Teilnahme an der Demopark 2025, Europas gr\u00f6\u00dfter Messe f\u00fcr die gr\u00fcne Branche, die vom 22. bis 24. Juni in Eisenach, Deutschland, stattfindet. Besuchen Sie uns an unserem Stand D-468, wo wir unsere neuesten Maschinenl\u00f6sungen f\u00fcr eine effizientere und nachhaltigere Gr\u00fcnfl\u00e4chenpflege ... Weiterlesen ...\" \/>\n<meta property=\"og:url\" content=\"https:\/\/timan.dk\/12318\/\" \/>\n<meta property=\"og:site_name\" content=\"Timan A\/S\" \/>\n<meta property=\"article:published_time\" content=\"2025-05-19T12:43:46+00:00\" \/>\n<meta property=\"article:modified_time\" content=\"2025-08-06T11:08:54+00:00\" \/>\n<meta property=\"og:image\" content=\"https:\/\/timan.dk\/wp-content\/uploads\/2025\/05\/dsc-7752-kopie-scaled.jpg\" \/>\n\t<meta property=\"og:image:width\" content=\"2048\" \/>\n\t<meta property=\"og:image:height\" content=\"1367\" \/>\n\t<meta property=\"og:image:type\" content=\"image\/jpeg\" \/>\n<meta name=\"author\" content=\"info@timan.dk\" \/>\n<meta name=\"twitter:card\" content=\"summary_large_image\" \/>\n<meta name=\"twitter:label1\" content=\"Verfasst von\" \/>\n\t<meta name=\"twitter:data1\" content=\"info@timan.dk\" \/>\n\t<meta name=\"twitter:label2\" content=\"Gesch\u00e4tzte Lesezeit\" \/>\n\t<meta name=\"twitter:data2\" content=\"1\u00a0Minute\" \/>\n<script type=\"application\/ld+json\" class=\"yoast-schema-graph\">{\"@context\":\"https:\\\/\\\/schema.org\",\"@graph\":[{\"@type\":\"Article\",\"@id\":\"https:\\\/\\\/timan.dk\\\/12318\\\/#article\",\"isPartOf\":{\"@id\":\"https:\\\/\\\/timan.dk\\\/12318\\\/\"},\"author\":{\"name\":\"info@timan.dk\",\"@id\":\"https:\\\/\\\/timan.dk\\\/#\\\/schema\\\/person\\\/bb9f9cba9d42bbe7764f2400dd6fef59\"},\"headline\":\"Kein Titel\",\"datePublished\":\"2025-05-19T12:43:46+00:00\",\"dateModified\":\"2025-08-06T11:08:54+00:00\",\"mainEntityOfPage\":{\"@id\":\"https:\\\/\\\/timan.dk\\\/12318\\\/\"},\"wordCount\":193,\"publisher\":{\"@id\":\"https:\\\/\\\/timan.dk\\\/#organization\"},\"image\":{\"@id\":\"https:\\\/\\\/timan.dk\\\/12318\\\/#primaryimage\"},\"thumbnailUrl\":\"https:\\\/\\\/timan.dk\\\/wp-content\\\/uploads\\\/2025\\\/05\\\/dsc-7752-kopie-scaled.jpg\",\"articleSection\":[\"Neuheit\"],\"inLanguage\":\"de\"},{\"@type\":\"WebPage\",\"@id\":\"https:\\\/\\\/timan.dk\\\/12318\\\/\",\"url\":\"https:\\\/\\\/timan.dk\\\/12318\\\/\",\"name\":\"| Timan A\\\/S\",\"isPartOf\":{\"@id\":\"https:\\\/\\\/timan.dk\\\/#website\"},\"primaryImageOfPage\":{\"@id\":\"https:\\\/\\\/timan.dk\\\/12318\\\/#primaryimage\"},\"image\":{\"@id\":\"https:\\\/\\\/timan.dk\\\/12318\\\/#primaryimage\"},\"thumbnailUrl\":\"https:\\\/\\\/timan.dk\\\/wp-content\\\/uploads\\\/2025\\\/05\\\/dsc-7752-kopie-scaled.jpg\",\"datePublished\":\"2025-05-19T12:43:46+00:00\",\"dateModified\":\"2025-08-06T11:08:54+00:00\",\"inLanguage\":\"de\",\"potentialAction\":[{\"@type\":\"ReadAction\",\"target\":[\"https:\\\/\\\/timan.dk\\\/12318\\\/\"]}]},{\"@type\":\"ImageObject\",\"inLanguage\":\"de\",\"@id\":\"https:\\\/\\\/timan.dk\\\/12318\\\/#primaryimage\",\"url\":\"https:\\\/\\\/timan.dk\\\/wp-content\\\/uploads\\\/2025\\\/05\\\/dsc-7752-kopie-scaled.jpg\",\"contentUrl\":\"https:\\\/\\\/timan.dk\\\/wp-content\\\/uploads\\\/2025\\\/05\\\/dsc-7752-kopie-scaled.jpg\",\"width\":2048,\"height\":1367,\"caption\":\"Demopark Deutschland\"},{\"@type\":\"WebSite\",\"@id\":\"https:\\\/\\\/timan.dk\\\/#website\",\"url\":\"https:\\\/\\\/timan.dk\\\/\",\"name\":\"Timan A\\\/S\",\"description\":\"Kehrmaschinen mit Auffangbeh\u00e4lter, B\u00f6schungsm\u00e4her, ferngesteuerte Schlegelm\u00e4her in D\u00e4nemark\",\"publisher\":{\"@id\":\"https:\\\/\\\/timan.dk\\\/#organization\"},\"potentialAction\":[{\"@type\":\"SearchAction\",\"target\":{\"@type\":\"EntryPoint\",\"urlTemplate\":\"https:\\\/\\\/timan.dk\\\/?s={search_term_string}\"},\"query-input\":{\"@type\":\"PropertyValueSpecification\",\"valueRequired\":true,\"valueName\":\"search_term_string\"}}],\"inLanguage\":\"de\"},{\"@type\":\"Organization\",\"@id\":\"https:\\\/\\\/timan.dk\\\/#organization\",\"name\":\"Timan A\\\/S\",\"url\":\"https:\\\/\\\/timan.dk\\\/\",\"logo\":{\"@type\":\"ImageObject\",\"inLanguage\":\"de\",\"@id\":\"https:\\\/\\\/timan.dk\\\/#\\\/schema\\\/logo\\\/image\\\/\",\"url\":\"https:\\\/\\\/timan.dk\\\/wp-content\\\/uploads\\\/2023\\\/08\\\/logo-timan-cut.png\",\"contentUrl\":\"https:\\\/\\\/timan.dk\\\/wp-content\\\/uploads\\\/2023\\\/08\\\/logo-timan-cut.png\",\"width\":2048,\"height\":599,\"caption\":\"Timan A\\\/S\"},\"image\":{\"@id\":\"https:\\\/\\\/timan.dk\\\/#\\\/schema\\\/logo\\\/image\\\/\"}},{\"@type\":\"Person\",\"@id\":\"https:\\\/\\\/timan.dk\\\/#\\\/schema\\\/person\\\/bb9f9cba9d42bbe7764f2400dd6fef59\",\"name\":\"info@timan.dk\",\"url\":\"https:\\\/\\\/timan.dk\\\/de\\\/author\\\/infotiman-dk\\\/\"}]}<\/script>\n<!-- \/ Yoast SEO plugin. -->","yoast_head_json":{"title":"| Timan A\/S","robots":{"index":"index","follow":"follow","max-snippet":"max-snippet:-1","max-image-preview":"max-image-preview:large","max-video-preview":"max-video-preview:-1"},"canonical":"https:\/\/timan.dk\/12318\/","og_locale":"de_DE","og_type":"article","og_title":"| Timan A\/S","og_description":"Treffen Sie uns auf der Demopark 2025 &#8211; Stand D-468! Wir freuen uns auf die Teilnahme an der Demopark 2025, Europas gr\u00f6\u00dfter Messe f\u00fcr die gr\u00fcne Branche, die vom 22. bis 24. Juni in Eisenach, Deutschland, stattfindet. Besuchen Sie uns an unserem Stand D-468, wo wir unsere neuesten Maschinenl\u00f6sungen f\u00fcr eine effizientere und nachhaltigere Gr\u00fcnfl\u00e4chenpflege ... Weiterlesen ...","og_url":"https:\/\/timan.dk\/12318\/","og_site_name":"Timan A\/S","article_published_time":"2025-05-19T12:43:46+00:00","article_modified_time":"2025-08-06T11:08:54+00:00","og_image":[{"width":2048,"height":1367,"url":"https:\/\/timan.dk\/wp-content\/uploads\/2025\/05\/dsc-7752-kopie-scaled.jpg","type":"image\/jpeg"}],"author":"info@timan.dk","twitter_card":"summary_large_image","twitter_misc":{"Verfasst von":"info@timan.dk","Gesch\u00e4tzte Lesezeit":"1\u00a0Minute"},"schema":{"@context":"https:\/\/schema.org","@graph":[{"@type":"Article","@id":"https:\/\/timan.dk\/12318\/#article","isPartOf":{"@id":"https:\/\/timan.dk\/12318\/"},"author":{"name":"info@timan.dk","@id":"https:\/\/timan.dk\/#\/schema\/person\/bb9f9cba9d42bbe7764f2400dd6fef59"},"headline":"Kein Titel","datePublished":"2025-05-19T12:43:46+00:00","dateModified":"2025-08-06T11:08:54+00:00","mainEntityOfPage":{"@id":"https:\/\/timan.dk\/12318\/"},"wordCount":193,"publisher":{"@id":"https:\/\/timan.dk\/#organization"},"image":{"@id":"https:\/\/timan.dk\/12318\/#primaryimage"},"thumbnailUrl":"https:\/\/timan.dk\/wp-content\/uploads\/2025\/05\/dsc-7752-kopie-scaled.jpg","articleSection":["Neuheit"],"inLanguage":"de"},{"@type":"WebPage","@id":"https:\/\/timan.dk\/12318\/","url":"https:\/\/timan.dk\/12318\/","name":"| Timan A\/S","isPartOf":{"@id":"https:\/\/timan.dk\/#website"},"primaryImageOfPage":{"@id":"https:\/\/timan.dk\/12318\/#primaryimage"},"image":{"@id":"https:\/\/timan.dk\/12318\/#primaryimage"},"thumbnailUrl":"https:\/\/timan.dk\/wp-content\/uploads\/2025\/05\/dsc-7752-kopie-scaled.jpg","datePublished":"2025-05-19T12:43:46+00:00","dateModified":"2025-08-06T11:08:54+00:00","inLanguage":"de","potentialAction":[{"@type":"ReadAction","target":["https:\/\/timan.dk\/12318\/"]}]},{"@type":"ImageObject","inLanguage":"de","@id":"https:\/\/timan.dk\/12318\/#primaryimage","url":"https:\/\/timan.dk\/wp-content\/uploads\/2025\/05\/dsc-7752-kopie-scaled.jpg","contentUrl":"https:\/\/timan.dk\/wp-content\/uploads\/2025\/05\/dsc-7752-kopie-scaled.jpg","width":2048,"height":1367,"caption":"Demopark Deutschland"},{"@type":"WebSite","@id":"https:\/\/timan.dk\/#website","url":"https:\/\/timan.dk\/","name":"Timan A\/S","description":"Kehrmaschinen mit Auffangbeh\u00e4lter, B\u00f6schungsm\u00e4her, ferngesteuerte Schlegelm\u00e4her in D\u00e4nemark","publisher":{"@id":"https:\/\/timan.dk\/#organization"},"potentialAction":[{"@type":"SearchAction","target":{"@type":"EntryPoint","urlTemplate":"https:\/\/timan.dk\/?s={search_term_string}"},"query-input":{"@type":"PropertyValueSpecification","valueRequired":true,"valueName":"search_term_string"}}],"inLanguage":"de"},{"@type":"Organization","@id":"https:\/\/timan.dk\/#organization","name":"Timan A\/S","url":"https:\/\/timan.dk\/","logo":{"@type":"ImageObject","inLanguage":"de","@id":"https:\/\/timan.dk\/#\/schema\/logo\/image\/","url":"https:\/\/timan.dk\/wp-content\/uploads\/2023\/08\/logo-timan-cut.png","contentUrl":"https:\/\/timan.dk\/wp-content\/uploads\/2023\/08\/logo-timan-cut.png","width":2048,"height":599,"caption":"Timan A\/S"},"image":{"@id":"https:\/\/timan.dk\/#\/schema\/logo\/image\/"}},{"@type":"Person","@id":"https:\/\/timan.dk\/#\/schema\/person\/bb9f9cba9d42bbe7764f2400dd6fef59","name":"info@timan.dk","url":"https:\/\/timan.dk\/de\/author\/infotiman-dk\/"}]}},"_links":{"self":[{"href":"https:\/\/timan.dk\/de\/wp-json\/wp\/v2\/posts\/12328","targetHints":{"allow":["GET"]}}],"collection":[{"href":"https:\/\/timan.dk\/de\/wp-json\/wp\/v2\/posts"}],"about":[{"href":"https:\/\/timan.dk\/de\/wp-json\/wp\/v2\/types\/post"}],"author":[{"embeddable":true,"href":"https:\/\/timan.dk\/de\/wp-json\/wp\/v2\/users\/2"}],"replies":[{"embeddable":true,"href":"https:\/\/timan.dk\/de\/wp-json\/wp\/v2\/comments?post=12328"}],"version-history":[{"count":2,"href":"https:\/\/timan.dk\/de\/wp-json\/wp\/v2\/posts\/12328\/revisions"}],"predecessor-version":[{"id":12729,"href":"https:\/\/timan.dk\/de\/wp-json\/wp\/v2\/posts\/12328\/revisions\/12729"}],"wp:featuredmedia":[{"embeddable":true,"href":"https:\/\/timan.dk\/de\/wp-json\/wp\/v2\/media\/12322"}],"wp:attachment":[{"href":"https:\/\/timan.dk\/de\/wp-json\/wp\/v2\/media?parent=12328"}],"wp:term":[{"taxonomy":"category","embeddable":true,"href":"https:\/\/timan.dk\/de\/wp-json\/wp\/v2\/categories?post=12328"},{"taxonomy":"post_tag","embeddable":true,"href":"https:\/\/timan.dk\/de\/wp-json\/wp\/v2\/tags?post=12328"}],"curies":[{"name":"wp","href":"https:\/\/api.w.org\/{rel}","templated":true}]}}