{"id":13952,"date":"2025-06-26T13:21:01","date_gmt":"2025-06-26T11:21:01","guid":{"rendered":"https:\/\/timan.dk\/timan-zur-demopark-2025-danke-fuer-ihren-besuch\/"},"modified":"2025-06-26T13:21:01","modified_gmt":"2025-06-26T11:21:01","slug":"timan-zur-demopark-2025-danke-fuer-ihren-besuch","status":"publish","type":"post","link":"https:\/\/timan.dk\/de\/timan-zur-demopark-2025-danke-fuer-ihren-besuch\/","title":{"rendered":""},"content":{"rendered":"<h1 data-start=\"584\" data-end=\"629\">Timan auf der Demopark 2025 &#8211; Vielen Dank f\u00fcr Ihren Besuch!<\/h1>\n<p data-start=\"631\" data-end=\"767\">Die Demopark 2025 war ein intensives, sonniges und st\u00fcrmisches (!) Paar Tage, gef\u00fcllt mit Maschinen, Fachgespr\u00e4chen und starken Verbindungen &#8211; sowohl neue als auch bekannte.<\/p>\n<p>Wir m\u00f6chten uns bei allen bedanken, die an unserem Stand in Eisenach vorbeigeschaut haben, um sich unsere neuesten Maschineninnovationen anzuschauen. Es war ein Vergn\u00fcgen, sowohl treue Timan-Partner als auch neue, neugierige Fachleute aus der gesamten gr\u00fcnen Branche &#8211; Kommunen, Bauunternehmer und Landschaftsg\u00e4rtner &#8211; zu treffen.<\/p>\n<p>Rekordzahl an neuen Kontakten<br \/>\nIn diesem Jahr erlebten wir ein so gro\u00dfes Interesse an unseren L\u00f6sungen, dass wir mit einem fast leeren Anh\u00e4nger nach D\u00e4nemark zur\u00fcckkehren konnten. Unerwarteterweise wurden alle Maschinen, die wir auf der Messe hatten, direkt vom Stand aus verkauft!<\/p>\n<p>Neuigkeiten und Innovationen im Fokus<br \/>\nMehrere von Ihnen zeigten gro\u00dfes Interesse an den verbesserten RC-1000s und dem kompakten Ger\u00e4tetr\u00e4ger Timan 3330, der mit unserem neuen Tornado T3 Trockensauger ausgestattet war.<br \/>\nWir haben viele positive R\u00fcckmeldungen \u00fcber die Qualit\u00e4t, die Benutzerfreundlichkeit und die innovativen Details der Maschinen erhalten &#8211; etwas, auf das wir uns bei unserer Produktentwicklung konzentriert haben.<\/p>\n<p>Danke an unsere H\u00e4ndler und Partner<br \/>\nEin besonderes Dankesch\u00f6n an alle H\u00e4ndler und Partner, die sich die Zeit genommen haben, uns zu besuchen und zu unterst\u00fctzen &#8211; Ihr Engagement macht einen gro\u00dfen Unterschied, sowohl auf der Messe als auch im t\u00e4glichen Leben.<\/p>\n<p>Wir sehen uns wieder &#8211; vielleicht fr\u00fcher als Sie denken<br \/>\nObwohl die Demopark erst 2027 wieder stattfindet, m\u00fcssen Sie nicht so lange warten, um unsere Maschinen wieder in Aktion zu sehen. Wir planen sowohl Demo-Events als auch H\u00e4ndlertrainingstage und freuen uns nat\u00fcrlich auf die GaLaBau 2026 in N\u00fcrnberg.<\/p>\n<p>Danke f\u00fcr diese Zeit &#8211; wir freuen uns schon auf das n\u00e4chste Mal!<\/p>\n","protected":false},"excerpt":{"rendered":"<p>Timan auf der Demopark 2025 &#8211; Vielen Dank f\u00fcr Ihren Besuch! Die Demopark 2025 war ein intensives, sonniges und st\u00fcrmisches (!) Paar Tage, gef\u00fcllt mit Maschinen, Fachgespr\u00e4chen und starken Verbindungen &#8211; sowohl neue als auch bekannte. Wir m\u00f6chten uns bei allen bedanken, die an unserem Stand in Eisenach vorbeigeschaut haben, um sich unsere neuesten Maschineninnovationen &#8230; <a title=\"\" class=\"read-more\" href=\"https:\/\/timan.dk\/de\/timan-zur-demopark-2025-danke-fuer-ihren-besuch\/\" aria-label=\"Mehr Informationen \u00fcber \">Weiterlesen &#8230;<\/a><\/p>\n","protected":false},"author":2,"featured_media":12876,"comment_status":"closed","ping_status":"closed","sticky":false,"template":"","format":"standard","meta":{"_acf_changed":false,"footnotes":""},"categories":[133],"tags":[],"class_list":["post-13952","post","type-post","status-publish","format-standard","has-post-thumbnail","hentry","category-nachrichten-de"],"acf":[],"yoast_head":"<!-- This site is optimized with the Yoast SEO plugin v27.5 - https:\/\/yoast.com\/product\/yoast-seo-wordpress\/ -->\n<title>| Timan A\/S<\/title>\n<meta name=\"robots\" content=\"index, follow, max-snippet:-1, max-image-preview:large, max-video-preview:-1\" \/>\n<link rel=\"canonical\" href=\"https:\/\/timan.dk\/timan-paa-demopark-2025-tak-for-besoeget\/\" \/>\n<meta property=\"og:locale\" content=\"de_DE\" \/>\n<meta property=\"og:type\" content=\"article\" \/>\n<meta property=\"og:title\" content=\"| Timan A\/S\" \/>\n<meta property=\"og:description\" content=\"Timan auf der Demopark 2025 &#8211; Vielen Dank f\u00fcr Ihren Besuch! Die Demopark 2025 war ein intensives, sonniges und st\u00fcrmisches (!) Paar Tage, gef\u00fcllt mit Maschinen, Fachgespr\u00e4chen und starken Verbindungen &#8211; sowohl neue als auch bekannte. Wir m\u00f6chten uns bei allen bedanken, die an unserem Stand in Eisenach vorbeigeschaut haben, um sich unsere neuesten Maschineninnovationen ... Weiterlesen ...\" \/>\n<meta property=\"og:url\" content=\"https:\/\/timan.dk\/timan-paa-demopark-2025-tak-for-besoeget\/\" \/>\n<meta property=\"og:site_name\" content=\"Timan A\/S\" \/>\n<meta property=\"article:published_time\" content=\"2025-06-26T11:21:01+00:00\" \/>\n<meta property=\"og:image\" content=\"https:\/\/timan.dk\/wp-content\/uploads\/2025\/06\/processed-51c6ebf3-1758-4940-bd96-504da3486953-e1750938111682.jpg\" \/>\n\t<meta property=\"og:image:width\" content=\"1816\" \/>\n\t<meta property=\"og:image:height\" content=\"1362\" \/>\n\t<meta property=\"og:image:type\" content=\"image\/jpeg\" \/>\n<meta name=\"author\" content=\"info@timan.dk\" \/>\n<meta name=\"twitter:card\" content=\"summary_large_image\" \/>\n<meta name=\"twitter:label1\" content=\"Verfasst von\" \/>\n\t<meta name=\"twitter:data1\" content=\"info@timan.dk\" \/>\n\t<meta name=\"twitter:label2\" content=\"Gesch\u00e4tzte Lesezeit\" \/>\n\t<meta name=\"twitter:data2\" content=\"2\u00a0Minuten\" \/>\n<script type=\"application\/ld+json\" class=\"yoast-schema-graph\">{\"@context\":\"https:\\\/\\\/schema.org\",\"@graph\":[{\"@type\":\"Article\",\"@id\":\"https:\\\/\\\/timan.dk\\\/timan-paa-demopark-2025-tak-for-besoeget\\\/#article\",\"isPartOf\":{\"@id\":\"https:\\\/\\\/timan.dk\\\/timan-paa-demopark-2025-tak-for-besoeget\\\/\"},\"author\":{\"name\":\"info@timan.dk\",\"@id\":\"https:\\\/\\\/timan.dk\\\/#\\\/schema\\\/person\\\/bb9f9cba9d42bbe7764f2400dd6fef59\"},\"headline\":\"Kein Titel\",\"datePublished\":\"2025-06-26T11:21:01+00:00\",\"mainEntityOfPage\":{\"@id\":\"https:\\\/\\\/timan.dk\\\/timan-paa-demopark-2025-tak-for-besoeget\\\/\"},\"wordCount\":310,\"publisher\":{\"@id\":\"https:\\\/\\\/timan.dk\\\/#organization\"},\"image\":{\"@id\":\"https:\\\/\\\/timan.dk\\\/timan-paa-demopark-2025-tak-for-besoeget\\\/#primaryimage\"},\"thumbnailUrl\":\"https:\\\/\\\/timan.dk\\\/wp-content\\\/uploads\\\/2025\\\/06\\\/processed-51c6ebf3-1758-4940-bd96-504da3486953-e1750938111682.jpg\",\"articleSection\":[\"\u200bNachrichten\"],\"inLanguage\":\"de\"},{\"@type\":\"WebPage\",\"@id\":\"https:\\\/\\\/timan.dk\\\/timan-paa-demopark-2025-tak-for-besoeget\\\/\",\"url\":\"https:\\\/\\\/timan.dk\\\/timan-paa-demopark-2025-tak-for-besoeget\\\/\",\"name\":\"| Timan A\\\/S\",\"isPartOf\":{\"@id\":\"https:\\\/\\\/timan.dk\\\/#website\"},\"primaryImageOfPage\":{\"@id\":\"https:\\\/\\\/timan.dk\\\/timan-paa-demopark-2025-tak-for-besoeget\\\/#primaryimage\"},\"image\":{\"@id\":\"https:\\\/\\\/timan.dk\\\/timan-paa-demopark-2025-tak-for-besoeget\\\/#primaryimage\"},\"thumbnailUrl\":\"https:\\\/\\\/timan.dk\\\/wp-content\\\/uploads\\\/2025\\\/06\\\/processed-51c6ebf3-1758-4940-bd96-504da3486953-e1750938111682.jpg\",\"datePublished\":\"2025-06-26T11:21:01+00:00\",\"inLanguage\":\"de\",\"potentialAction\":[{\"@type\":\"ReadAction\",\"target\":[\"https:\\\/\\\/timan.dk\\\/timan-paa-demopark-2025-tak-for-besoeget\\\/\"]}]},{\"@type\":\"ImageObject\",\"inLanguage\":\"de\",\"@id\":\"https:\\\/\\\/timan.dk\\\/timan-paa-demopark-2025-tak-for-besoeget\\\/#primaryimage\",\"url\":\"https:\\\/\\\/timan.dk\\\/wp-content\\\/uploads\\\/2025\\\/06\\\/processed-51c6ebf3-1758-4940-bd96-504da3486953-e1750938111682.jpg\",\"contentUrl\":\"https:\\\/\\\/timan.dk\\\/wp-content\\\/uploads\\\/2025\\\/06\\\/processed-51c6ebf3-1758-4940-bd96-504da3486953-e1750938111682.jpg\",\"width\":1816,\"height\":1362,\"caption\":\"Timan sales team at Demopark\"},{\"@type\":\"WebSite\",\"@id\":\"https:\\\/\\\/timan.dk\\\/#website\",\"url\":\"https:\\\/\\\/timan.dk\\\/\",\"name\":\"Timan A\\\/S\",\"description\":\"Kehrmaschinen mit Auffangbeh\u00e4lter, B\u00f6schungsm\u00e4her, ferngesteuerte Schlegelm\u00e4her in D\u00e4nemark\",\"publisher\":{\"@id\":\"https:\\\/\\\/timan.dk\\\/#organization\"},\"potentialAction\":[{\"@type\":\"SearchAction\",\"target\":{\"@type\":\"EntryPoint\",\"urlTemplate\":\"https:\\\/\\\/timan.dk\\\/?s={search_term_string}\"},\"query-input\":{\"@type\":\"PropertyValueSpecification\",\"valueRequired\":true,\"valueName\":\"search_term_string\"}}],\"inLanguage\":\"de\"},{\"@type\":\"Organization\",\"@id\":\"https:\\\/\\\/timan.dk\\\/#organization\",\"name\":\"Timan A\\\/S\",\"url\":\"https:\\\/\\\/timan.dk\\\/\",\"logo\":{\"@type\":\"ImageObject\",\"inLanguage\":\"de\",\"@id\":\"https:\\\/\\\/timan.dk\\\/#\\\/schema\\\/logo\\\/image\\\/\",\"url\":\"https:\\\/\\\/timan.dk\\\/wp-content\\\/uploads\\\/2023\\\/08\\\/logo-timan-cut.png\",\"contentUrl\":\"https:\\\/\\\/timan.dk\\\/wp-content\\\/uploads\\\/2023\\\/08\\\/logo-timan-cut.png\",\"width\":2048,\"height\":599,\"caption\":\"Timan A\\\/S\"},\"image\":{\"@id\":\"https:\\\/\\\/timan.dk\\\/#\\\/schema\\\/logo\\\/image\\\/\"}},{\"@type\":\"Person\",\"@id\":\"https:\\\/\\\/timan.dk\\\/#\\\/schema\\\/person\\\/bb9f9cba9d42bbe7764f2400dd6fef59\",\"name\":\"info@timan.dk\",\"url\":\"https:\\\/\\\/timan.dk\\\/de\\\/author\\\/infotiman-dk\\\/\"}]}<\/script>\n<!-- \/ Yoast SEO plugin. -->","yoast_head_json":{"title":"| Timan A\/S","robots":{"index":"index","follow":"follow","max-snippet":"max-snippet:-1","max-image-preview":"max-image-preview:large","max-video-preview":"max-video-preview:-1"},"canonical":"https:\/\/timan.dk\/timan-paa-demopark-2025-tak-for-besoeget\/","og_locale":"de_DE","og_type":"article","og_title":"| Timan A\/S","og_description":"Timan auf der Demopark 2025 &#8211; Vielen Dank f\u00fcr Ihren Besuch! Die Demopark 2025 war ein intensives, sonniges und st\u00fcrmisches (!) Paar Tage, gef\u00fcllt mit Maschinen, Fachgespr\u00e4chen und starken Verbindungen &#8211; sowohl neue als auch bekannte. Wir m\u00f6chten uns bei allen bedanken, die an unserem Stand in Eisenach vorbeigeschaut haben, um sich unsere neuesten Maschineninnovationen ... Weiterlesen ...","og_url":"https:\/\/timan.dk\/timan-paa-demopark-2025-tak-for-besoeget\/","og_site_name":"Timan A\/S","article_published_time":"2025-06-26T11:21:01+00:00","og_image":[{"width":1816,"height":1362,"url":"https:\/\/timan.dk\/wp-content\/uploads\/2025\/06\/processed-51c6ebf3-1758-4940-bd96-504da3486953-e1750938111682.jpg","type":"image\/jpeg"}],"author":"info@timan.dk","twitter_card":"summary_large_image","twitter_misc":{"Verfasst von":"info@timan.dk","Gesch\u00e4tzte Lesezeit":"2\u00a0Minuten"},"schema":{"@context":"https:\/\/schema.org","@graph":[{"@type":"Article","@id":"https:\/\/timan.dk\/timan-paa-demopark-2025-tak-for-besoeget\/#article","isPartOf":{"@id":"https:\/\/timan.dk\/timan-paa-demopark-2025-tak-for-besoeget\/"},"author":{"name":"info@timan.dk","@id":"https:\/\/timan.dk\/#\/schema\/person\/bb9f9cba9d42bbe7764f2400dd6fef59"},"headline":"Kein Titel","datePublished":"2025-06-26T11:21:01+00:00","mainEntityOfPage":{"@id":"https:\/\/timan.dk\/timan-paa-demopark-2025-tak-for-besoeget\/"},"wordCount":310,"publisher":{"@id":"https:\/\/timan.dk\/#organization"},"image":{"@id":"https:\/\/timan.dk\/timan-paa-demopark-2025-tak-for-besoeget\/#primaryimage"},"thumbnailUrl":"https:\/\/timan.dk\/wp-content\/uploads\/2025\/06\/processed-51c6ebf3-1758-4940-bd96-504da3486953-e1750938111682.jpg","articleSection":["\u200bNachrichten"],"inLanguage":"de"},{"@type":"WebPage","@id":"https:\/\/timan.dk\/timan-paa-demopark-2025-tak-for-besoeget\/","url":"https:\/\/timan.dk\/timan-paa-demopark-2025-tak-for-besoeget\/","name":"| Timan A\/S","isPartOf":{"@id":"https:\/\/timan.dk\/#website"},"primaryImageOfPage":{"@id":"https:\/\/timan.dk\/timan-paa-demopark-2025-tak-for-besoeget\/#primaryimage"},"image":{"@id":"https:\/\/timan.dk\/timan-paa-demopark-2025-tak-for-besoeget\/#primaryimage"},"thumbnailUrl":"https:\/\/timan.dk\/wp-content\/uploads\/2025\/06\/processed-51c6ebf3-1758-4940-bd96-504da3486953-e1750938111682.jpg","datePublished":"2025-06-26T11:21:01+00:00","inLanguage":"de","potentialAction":[{"@type":"ReadAction","target":["https:\/\/timan.dk\/timan-paa-demopark-2025-tak-for-besoeget\/"]}]},{"@type":"ImageObject","inLanguage":"de","@id":"https:\/\/timan.dk\/timan-paa-demopark-2025-tak-for-besoeget\/#primaryimage","url":"https:\/\/timan.dk\/wp-content\/uploads\/2025\/06\/processed-51c6ebf3-1758-4940-bd96-504da3486953-e1750938111682.jpg","contentUrl":"https:\/\/timan.dk\/wp-content\/uploads\/2025\/06\/processed-51c6ebf3-1758-4940-bd96-504da3486953-e1750938111682.jpg","width":1816,"height":1362,"caption":"Timan sales team at Demopark"},{"@type":"WebSite","@id":"https:\/\/timan.dk\/#website","url":"https:\/\/timan.dk\/","name":"Timan A\/S","description":"Kehrmaschinen mit Auffangbeh\u00e4lter, B\u00f6schungsm\u00e4her, ferngesteuerte Schlegelm\u00e4her in D\u00e4nemark","publisher":{"@id":"https:\/\/timan.dk\/#organization"},"potentialAction":[{"@type":"SearchAction","target":{"@type":"EntryPoint","urlTemplate":"https:\/\/timan.dk\/?s={search_term_string}"},"query-input":{"@type":"PropertyValueSpecification","valueRequired":true,"valueName":"search_term_string"}}],"inLanguage":"de"},{"@type":"Organization","@id":"https:\/\/timan.dk\/#organization","name":"Timan A\/S","url":"https:\/\/timan.dk\/","logo":{"@type":"ImageObject","inLanguage":"de","@id":"https:\/\/timan.dk\/#\/schema\/logo\/image\/","url":"https:\/\/timan.dk\/wp-content\/uploads\/2023\/08\/logo-timan-cut.png","contentUrl":"https:\/\/timan.dk\/wp-content\/uploads\/2023\/08\/logo-timan-cut.png","width":2048,"height":599,"caption":"Timan A\/S"},"image":{"@id":"https:\/\/timan.dk\/#\/schema\/logo\/image\/"}},{"@type":"Person","@id":"https:\/\/timan.dk\/#\/schema\/person\/bb9f9cba9d42bbe7764f2400dd6fef59","name":"info@timan.dk","url":"https:\/\/timan.dk\/de\/author\/infotiman-dk\/"}]}},"_links":{"self":[{"href":"https:\/\/timan.dk\/de\/wp-json\/wp\/v2\/posts\/13952","targetHints":{"allow":["GET"]}}],"collection":[{"href":"https:\/\/timan.dk\/de\/wp-json\/wp\/v2\/posts"}],"about":[{"href":"https:\/\/timan.dk\/de\/wp-json\/wp\/v2\/types\/post"}],"author":[{"embeddable":true,"href":"https:\/\/timan.dk\/de\/wp-json\/wp\/v2\/users\/2"}],"replies":[{"embeddable":true,"href":"https:\/\/timan.dk\/de\/wp-json\/wp\/v2\/comments?post=13952"}],"version-history":[{"count":0,"href":"https:\/\/timan.dk\/de\/wp-json\/wp\/v2\/posts\/13952\/revisions"}],"wp:featuredmedia":[{"embeddable":true,"href":"https:\/\/timan.dk\/de\/wp-json\/wp\/v2\/media\/12876"}],"wp:attachment":[{"href":"https:\/\/timan.dk\/de\/wp-json\/wp\/v2\/media?parent=13952"}],"wp:term":[{"taxonomy":"category","embeddable":true,"href":"https:\/\/timan.dk\/de\/wp-json\/wp\/v2\/categories?post=13952"},{"taxonomy":"post_tag","embeddable":true,"href":"https:\/\/timan.dk\/de\/wp-json\/wp\/v2\/tags?post=13952"}],"curies":[{"name":"wp","href":"https:\/\/api.w.org\/{rel}","templated":true}]}}