{"id":13955,"date":"2025-05-08T08:26:55","date_gmt":"2025-05-08T06:26:55","guid":{"rendered":"https:\/\/timan.dk\/timan-wird-neuer-kollege-in-deutschland-muss-die-praesenz-im-sueden-staerken\/"},"modified":"2025-05-08T08:26:55","modified_gmt":"2025-05-08T06:26:55","slug":"timan-wird-neuer-kollege-in-deutschland-muss-die-praesenz-im-sueden-staerken","status":"publish","type":"post","link":"https:\/\/timan.dk\/de\/timan-wird-neuer-kollege-in-deutschland-muss-die-praesenz-im-sueden-staerken\/","title":{"rendered":""},"content":{"rendered":"<h2>Timan w\u00e4chst: Neuer Kollege in Deutschland soll Pr\u00e4senz im S\u00fcden st\u00e4rken.<\/h2>\n<p>Bei Timan geht es Schlag auf Schlag &#8211; und auch s\u00fcdlich der Grenze w\u00e4chst das Interesse an unseren Werkzeugtr\u00e4gern und Spezialmaschinen. Deshalb haben wir jetzt unsere Vertriebsabteilung in Deutschland um einen weiteren Kollegen erweitert: Willkommen bei Alexander!<\/p>\n<p>Von N\u00fcrnberg aus wird Alexander f\u00fcr den Vertrieb in S\u00fcddeutschland, \u00d6sterreich und der Schweiz zust\u00e4ndig sein, w\u00e4hrend unser erfahrener Kollege Jakob weiterhin die n\u00f6rdlichen Regionen abdeckt. Damit sind wir jetzt noch n\u00e4her an unseren Kunden und H\u00e4ndlern &#8211; und k\u00f6nnen sie schneller und individueller betreuen.<\/p>\n<p>Alexander hat ein nat\u00fcrliches Interesse an Maschinen und Technologie, und mit seinem hohen Energielevel und seiner Neugier f\u00fcr unsere L\u00f6sungen ist er bereits auf dem besten Weg, sowohl Produkte als auch M\u00e4rkte kennen zu lernen. Wenn er nicht gerade im Verkaufswagen unterwegs ist, findet man ihn normalerweise auf dem Eis &#8211; er spielt dreimal pro Woche Eishockey und bringt den gleichen Wettbewerbsgeist in seine Arbeit ein.<\/p>\n<p>Er ist auch ein bisschen polyglott &#8211; neben Deutsch spricht Alexander auch Englisch, Franz\u00f6sisch und Italienisch, was ihn zu einem starken Kommunikator im Umgang mit vielen Arten von Kunden macht.<\/p>\n<p>&#8222;Timan hat in den letzten Jahren eine wachsende Nachfrage auf dem deutschen Markt erfahren, vor allem aufgrund unseres Fokus auf d\u00e4nische Qualit\u00e4t, hohe Zuverl\u00e4ssigkeit und flexible L\u00f6sungen f\u00fcr den ganzj\u00e4hrigen Einsatz. Mit Alexander im Team verst\u00e4rken wir nicht nur unsere Verkaufsanstrengungen &#8211; sondern auch die Beziehung zu unserem Netzwerk in S\u00fcddeutschland.<\/p>\n<p>Willkommen bei Alexander &#8211; wir freuen uns auf die kommende Reise!<\/p>\n","protected":false},"excerpt":{"rendered":"<p>Timan w\u00e4chst: Neuer Kollege in Deutschland soll Pr\u00e4senz im S\u00fcden st\u00e4rken. Bei Timan geht es Schlag auf Schlag &#8211; und auch s\u00fcdlich der Grenze w\u00e4chst das Interesse an unseren Werkzeugtr\u00e4gern und Spezialmaschinen. Deshalb haben wir jetzt unsere Vertriebsabteilung in Deutschland um einen weiteren Kollegen erweitert: Willkommen bei Alexander! Von N\u00fcrnberg aus wird Alexander f\u00fcr den &#8230; <a title=\"\" class=\"read-more\" href=\"https:\/\/timan.dk\/de\/timan-wird-neuer-kollege-in-deutschland-muss-die-praesenz-im-sueden-staerken\/\" aria-label=\"Mehr Informationen \u00fcber \">Weiterlesen &#8230;<\/a><\/p>\n","protected":false},"author":2,"featured_media":12249,"comment_status":"closed","ping_status":"closed","sticky":false,"template":"","format":"standard","meta":{"_acf_changed":false,"footnotes":""},"categories":[133],"tags":[],"class_list":["post-13955","post","type-post","status-publish","format-standard","has-post-thumbnail","hentry","category-nachrichten-de"],"acf":[],"yoast_head":"<!-- This site is optimized with the Yoast SEO plugin v27.5 - https:\/\/yoast.com\/product\/yoast-seo-wordpress\/ -->\n<title>| Timan A\/S<\/title>\n<meta name=\"description\" content=\"Timan expandiert in S\u00fcddeutschland\" \/>\n<meta name=\"robots\" content=\"index, follow, max-snippet:-1, max-image-preview:large, max-video-preview:-1\" \/>\n<link rel=\"canonical\" href=\"https:\/\/timan.dk\/timan-vokser-ny-kollega-i-tyskland-skal-styrke-tilstedevaerelsen-i-syd\/\" \/>\n<meta property=\"og:locale\" content=\"de_DE\" \/>\n<meta property=\"og:type\" content=\"article\" \/>\n<meta property=\"og:title\" content=\"| Timan A\/S\" \/>\n<meta property=\"og:description\" content=\"Timan expandiert in S\u00fcddeutschland\" \/>\n<meta property=\"og:url\" content=\"https:\/\/timan.dk\/timan-vokser-ny-kollega-i-tyskland-skal-styrke-tilstedevaerelsen-i-syd\/\" \/>\n<meta property=\"og:site_name\" content=\"Timan A\/S\" \/>\n<meta property=\"article:published_time\" content=\"2025-05-08T06:26:55+00:00\" \/>\n<meta property=\"og:image\" content=\"https:\/\/timan.dk\/wp-content\/uploads\/2025\/05\/img20250310135225-cropped-scaled.jpg\" \/>\n\t<meta property=\"og:image:width\" content=\"2048\" \/>\n\t<meta property=\"og:image:height\" content=\"1948\" \/>\n\t<meta property=\"og:image:type\" content=\"image\/jpeg\" \/>\n<meta name=\"author\" content=\"info@timan.dk\" \/>\n<meta name=\"twitter:card\" content=\"summary_large_image\" \/>\n<meta name=\"twitter:label1\" content=\"Verfasst von\" \/>\n\t<meta name=\"twitter:data1\" content=\"info@timan.dk\" \/>\n\t<meta name=\"twitter:label2\" content=\"Gesch\u00e4tzte Lesezeit\" \/>\n\t<meta name=\"twitter:data2\" content=\"1\u00a0Minute\" \/>\n<script type=\"application\/ld+json\" class=\"yoast-schema-graph\">{\"@context\":\"https:\\\/\\\/schema.org\",\"@graph\":[{\"@type\":\"Article\",\"@id\":\"https:\\\/\\\/timan.dk\\\/timan-vokser-ny-kollega-i-tyskland-skal-styrke-tilstedevaerelsen-i-syd\\\/#article\",\"isPartOf\":{\"@id\":\"https:\\\/\\\/timan.dk\\\/timan-vokser-ny-kollega-i-tyskland-skal-styrke-tilstedevaerelsen-i-syd\\\/\"},\"author\":{\"name\":\"info@timan.dk\",\"@id\":\"https:\\\/\\\/timan.dk\\\/#\\\/schema\\\/person\\\/bb9f9cba9d42bbe7764f2400dd6fef59\"},\"headline\":\"Kein Titel\",\"datePublished\":\"2025-05-08T06:26:55+00:00\",\"mainEntityOfPage\":{\"@id\":\"https:\\\/\\\/timan.dk\\\/timan-vokser-ny-kollega-i-tyskland-skal-styrke-tilstedevaerelsen-i-syd\\\/\"},\"wordCount\":280,\"publisher\":{\"@id\":\"https:\\\/\\\/timan.dk\\\/#organization\"},\"image\":{\"@id\":\"https:\\\/\\\/timan.dk\\\/timan-vokser-ny-kollega-i-tyskland-skal-styrke-tilstedevaerelsen-i-syd\\\/#primaryimage\"},\"thumbnailUrl\":\"https:\\\/\\\/timan.dk\\\/wp-content\\\/uploads\\\/2025\\\/05\\\/img20250310135225-cropped-scaled.jpg\",\"articleSection\":[\"\u200bNachrichten\"],\"inLanguage\":\"de\"},{\"@type\":\"WebPage\",\"@id\":\"https:\\\/\\\/timan.dk\\\/timan-vokser-ny-kollega-i-tyskland-skal-styrke-tilstedevaerelsen-i-syd\\\/\",\"url\":\"https:\\\/\\\/timan.dk\\\/timan-vokser-ny-kollega-i-tyskland-skal-styrke-tilstedevaerelsen-i-syd\\\/\",\"name\":\"| Timan A\\\/S\",\"isPartOf\":{\"@id\":\"https:\\\/\\\/timan.dk\\\/#website\"},\"primaryImageOfPage\":{\"@id\":\"https:\\\/\\\/timan.dk\\\/timan-vokser-ny-kollega-i-tyskland-skal-styrke-tilstedevaerelsen-i-syd\\\/#primaryimage\"},\"image\":{\"@id\":\"https:\\\/\\\/timan.dk\\\/timan-vokser-ny-kollega-i-tyskland-skal-styrke-tilstedevaerelsen-i-syd\\\/#primaryimage\"},\"thumbnailUrl\":\"https:\\\/\\\/timan.dk\\\/wp-content\\\/uploads\\\/2025\\\/05\\\/img20250310135225-cropped-scaled.jpg\",\"datePublished\":\"2025-05-08T06:26:55+00:00\",\"description\":\"Timan expandiert in S\u00fcddeutschland\",\"inLanguage\":\"de\",\"potentialAction\":[{\"@type\":\"ReadAction\",\"target\":[\"https:\\\/\\\/timan.dk\\\/timan-vokser-ny-kollega-i-tyskland-skal-styrke-tilstedevaerelsen-i-syd\\\/\"]}]},{\"@type\":\"ImageObject\",\"inLanguage\":\"de\",\"@id\":\"https:\\\/\\\/timan.dk\\\/timan-vokser-ny-kollega-i-tyskland-skal-styrke-tilstedevaerelsen-i-syd\\\/#primaryimage\",\"url\":\"https:\\\/\\\/timan.dk\\\/wp-content\\\/uploads\\\/2025\\\/05\\\/img20250310135225-cropped-scaled.jpg\",\"contentUrl\":\"https:\\\/\\\/timan.dk\\\/wp-content\\\/uploads\\\/2025\\\/05\\\/img20250310135225-cropped-scaled.jpg\",\"width\":2048,\"height\":1948,\"caption\":\"Neuer deutscher Handelsvertreter vor einem Timan-Ger\u00e4tetr\u00e4ger\"},{\"@type\":\"WebSite\",\"@id\":\"https:\\\/\\\/timan.dk\\\/#website\",\"url\":\"https:\\\/\\\/timan.dk\\\/\",\"name\":\"Timan A\\\/S\",\"description\":\"Kehrmaschinen mit Auffangbeh\u00e4lter, B\u00f6schungsm\u00e4her, ferngesteuerte Schlegelm\u00e4her in D\u00e4nemark\",\"publisher\":{\"@id\":\"https:\\\/\\\/timan.dk\\\/#organization\"},\"potentialAction\":[{\"@type\":\"SearchAction\",\"target\":{\"@type\":\"EntryPoint\",\"urlTemplate\":\"https:\\\/\\\/timan.dk\\\/?s={search_term_string}\"},\"query-input\":{\"@type\":\"PropertyValueSpecification\",\"valueRequired\":true,\"valueName\":\"search_term_string\"}}],\"inLanguage\":\"de\"},{\"@type\":\"Organization\",\"@id\":\"https:\\\/\\\/timan.dk\\\/#organization\",\"name\":\"Timan A\\\/S\",\"url\":\"https:\\\/\\\/timan.dk\\\/\",\"logo\":{\"@type\":\"ImageObject\",\"inLanguage\":\"de\",\"@id\":\"https:\\\/\\\/timan.dk\\\/#\\\/schema\\\/logo\\\/image\\\/\",\"url\":\"https:\\\/\\\/timan.dk\\\/wp-content\\\/uploads\\\/2023\\\/08\\\/logo-timan-cut.png\",\"contentUrl\":\"https:\\\/\\\/timan.dk\\\/wp-content\\\/uploads\\\/2023\\\/08\\\/logo-timan-cut.png\",\"width\":2048,\"height\":599,\"caption\":\"Timan A\\\/S\"},\"image\":{\"@id\":\"https:\\\/\\\/timan.dk\\\/#\\\/schema\\\/logo\\\/image\\\/\"}},{\"@type\":\"Person\",\"@id\":\"https:\\\/\\\/timan.dk\\\/#\\\/schema\\\/person\\\/bb9f9cba9d42bbe7764f2400dd6fef59\",\"name\":\"info@timan.dk\",\"url\":\"https:\\\/\\\/timan.dk\\\/de\\\/author\\\/infotiman-dk\\\/\"}]}<\/script>\n<!-- \/ Yoast SEO plugin. -->","yoast_head_json":{"title":"| Timan A\/S","description":"Timan expandiert in S\u00fcddeutschland","robots":{"index":"index","follow":"follow","max-snippet":"max-snippet:-1","max-image-preview":"max-image-preview:large","max-video-preview":"max-video-preview:-1"},"canonical":"https:\/\/timan.dk\/timan-vokser-ny-kollega-i-tyskland-skal-styrke-tilstedevaerelsen-i-syd\/","og_locale":"de_DE","og_type":"article","og_title":"| Timan A\/S","og_description":"Timan expandiert in S\u00fcddeutschland","og_url":"https:\/\/timan.dk\/timan-vokser-ny-kollega-i-tyskland-skal-styrke-tilstedevaerelsen-i-syd\/","og_site_name":"Timan A\/S","article_published_time":"2025-05-08T06:26:55+00:00","og_image":[{"width":2048,"height":1948,"url":"https:\/\/timan.dk\/wp-content\/uploads\/2025\/05\/img20250310135225-cropped-scaled.jpg","type":"image\/jpeg"}],"author":"info@timan.dk","twitter_card":"summary_large_image","twitter_misc":{"Verfasst von":"info@timan.dk","Gesch\u00e4tzte Lesezeit":"1\u00a0Minute"},"schema":{"@context":"https:\/\/schema.org","@graph":[{"@type":"Article","@id":"https:\/\/timan.dk\/timan-vokser-ny-kollega-i-tyskland-skal-styrke-tilstedevaerelsen-i-syd\/#article","isPartOf":{"@id":"https:\/\/timan.dk\/timan-vokser-ny-kollega-i-tyskland-skal-styrke-tilstedevaerelsen-i-syd\/"},"author":{"name":"info@timan.dk","@id":"https:\/\/timan.dk\/#\/schema\/person\/bb9f9cba9d42bbe7764f2400dd6fef59"},"headline":"Kein Titel","datePublished":"2025-05-08T06:26:55+00:00","mainEntityOfPage":{"@id":"https:\/\/timan.dk\/timan-vokser-ny-kollega-i-tyskland-skal-styrke-tilstedevaerelsen-i-syd\/"},"wordCount":280,"publisher":{"@id":"https:\/\/timan.dk\/#organization"},"image":{"@id":"https:\/\/timan.dk\/timan-vokser-ny-kollega-i-tyskland-skal-styrke-tilstedevaerelsen-i-syd\/#primaryimage"},"thumbnailUrl":"https:\/\/timan.dk\/wp-content\/uploads\/2025\/05\/img20250310135225-cropped-scaled.jpg","articleSection":["\u200bNachrichten"],"inLanguage":"de"},{"@type":"WebPage","@id":"https:\/\/timan.dk\/timan-vokser-ny-kollega-i-tyskland-skal-styrke-tilstedevaerelsen-i-syd\/","url":"https:\/\/timan.dk\/timan-vokser-ny-kollega-i-tyskland-skal-styrke-tilstedevaerelsen-i-syd\/","name":"| Timan A\/S","isPartOf":{"@id":"https:\/\/timan.dk\/#website"},"primaryImageOfPage":{"@id":"https:\/\/timan.dk\/timan-vokser-ny-kollega-i-tyskland-skal-styrke-tilstedevaerelsen-i-syd\/#primaryimage"},"image":{"@id":"https:\/\/timan.dk\/timan-vokser-ny-kollega-i-tyskland-skal-styrke-tilstedevaerelsen-i-syd\/#primaryimage"},"thumbnailUrl":"https:\/\/timan.dk\/wp-content\/uploads\/2025\/05\/img20250310135225-cropped-scaled.jpg","datePublished":"2025-05-08T06:26:55+00:00","description":"Timan expandiert in S\u00fcddeutschland","inLanguage":"de","potentialAction":[{"@type":"ReadAction","target":["https:\/\/timan.dk\/timan-vokser-ny-kollega-i-tyskland-skal-styrke-tilstedevaerelsen-i-syd\/"]}]},{"@type":"ImageObject","inLanguage":"de","@id":"https:\/\/timan.dk\/timan-vokser-ny-kollega-i-tyskland-skal-styrke-tilstedevaerelsen-i-syd\/#primaryimage","url":"https:\/\/timan.dk\/wp-content\/uploads\/2025\/05\/img20250310135225-cropped-scaled.jpg","contentUrl":"https:\/\/timan.dk\/wp-content\/uploads\/2025\/05\/img20250310135225-cropped-scaled.jpg","width":2048,"height":1948,"caption":"Neuer deutscher Handelsvertreter vor einem Timan-Ger\u00e4tetr\u00e4ger"},{"@type":"WebSite","@id":"https:\/\/timan.dk\/#website","url":"https:\/\/timan.dk\/","name":"Timan A\/S","description":"Kehrmaschinen mit Auffangbeh\u00e4lter, B\u00f6schungsm\u00e4her, ferngesteuerte Schlegelm\u00e4her in D\u00e4nemark","publisher":{"@id":"https:\/\/timan.dk\/#organization"},"potentialAction":[{"@type":"SearchAction","target":{"@type":"EntryPoint","urlTemplate":"https:\/\/timan.dk\/?s={search_term_string}"},"query-input":{"@type":"PropertyValueSpecification","valueRequired":true,"valueName":"search_term_string"}}],"inLanguage":"de"},{"@type":"Organization","@id":"https:\/\/timan.dk\/#organization","name":"Timan A\/S","url":"https:\/\/timan.dk\/","logo":{"@type":"ImageObject","inLanguage":"de","@id":"https:\/\/timan.dk\/#\/schema\/logo\/image\/","url":"https:\/\/timan.dk\/wp-content\/uploads\/2023\/08\/logo-timan-cut.png","contentUrl":"https:\/\/timan.dk\/wp-content\/uploads\/2023\/08\/logo-timan-cut.png","width":2048,"height":599,"caption":"Timan A\/S"},"image":{"@id":"https:\/\/timan.dk\/#\/schema\/logo\/image\/"}},{"@type":"Person","@id":"https:\/\/timan.dk\/#\/schema\/person\/bb9f9cba9d42bbe7764f2400dd6fef59","name":"info@timan.dk","url":"https:\/\/timan.dk\/de\/author\/infotiman-dk\/"}]}},"_links":{"self":[{"href":"https:\/\/timan.dk\/de\/wp-json\/wp\/v2\/posts\/13955","targetHints":{"allow":["GET"]}}],"collection":[{"href":"https:\/\/timan.dk\/de\/wp-json\/wp\/v2\/posts"}],"about":[{"href":"https:\/\/timan.dk\/de\/wp-json\/wp\/v2\/types\/post"}],"author":[{"embeddable":true,"href":"https:\/\/timan.dk\/de\/wp-json\/wp\/v2\/users\/2"}],"replies":[{"embeddable":true,"href":"https:\/\/timan.dk\/de\/wp-json\/wp\/v2\/comments?post=13955"}],"version-history":[{"count":0,"href":"https:\/\/timan.dk\/de\/wp-json\/wp\/v2\/posts\/13955\/revisions"}],"wp:featuredmedia":[{"embeddable":true,"href":"https:\/\/timan.dk\/de\/wp-json\/wp\/v2\/media\/12249"}],"wp:attachment":[{"href":"https:\/\/timan.dk\/de\/wp-json\/wp\/v2\/media?parent=13955"}],"wp:term":[{"taxonomy":"category","embeddable":true,"href":"https:\/\/timan.dk\/de\/wp-json\/wp\/v2\/categories?post=13955"},{"taxonomy":"post_tag","embeddable":true,"href":"https:\/\/timan.dk\/de\/wp-json\/wp\/v2\/tags?post=13955"}],"curies":[{"name":"wp","href":"https:\/\/api.w.org\/{rel}","templated":true}]}}