{"id":13959,"date":"2024-09-02T09:07:51","date_gmt":"2024-09-02T07:07:51","guid":{"rendered":"https:\/\/timan.dk\/11988\/"},"modified":"2025-08-06T13:47:52","modified_gmt":"2025-08-06T11:47:52","slug":"11988","status":"publish","type":"post","link":"https:\/\/timan.dk\/de\/11988\/","title":{"rendered":""},"content":{"rendered":"<h2>Vom Fabriksvej zum Osvald Pedersensvej<\/h2>\n<p>Nach dem Gr\u00fcnder der Tim Maskinfabrik, Osvald Pedersen, ist jetzt eine Stra\u00dfe benannt. Sie wird von Fabriksvej in Osvald Pedersens Vej umbenannt.<\/p>\n<p>Osvald Pedersen, der das Unternehmen 1961 gr\u00fcndete, revolutionierte mit seinem R\u00fcbenroder die Landwirtschaft in D\u00e4nemark und Europa. Dieser Erfolg legte den Grundstein f\u00fcr ein florierendes Unternehmen, das bis zu 225 Mitarbeiter besch\u00e4ftigte und fast 40 Jahre lang innovative Maschinen produzierte. Osvald war nicht nur ein Fabrikbesitzer, sondern auch eine angesehene F\u00fchrungspers\u00f6nlichkeit und ein Erfinder, der ein bleibendes Erbe hinterlie\u00df.<\/p>\n<p>Heute setzt Timan seinen Innovationsgeist mit Maschinen fort, die von seinen S\u00f6hnen entwickelt wurden. Die rote Farbe, die auch heute noch verwendet wird, ist eine Hommage an Osvalds urspr\u00fcngliche Vision. Die Namens\u00e4nderung spiegelt Timans Weg von bescheidenen Anf\u00e4ngen zu einem international anerkannten Unternehmen wider.<\/p>\n<p>Weitere Informationen finden Sie in dem Artikel <a data-mce-href=\"https:\/\/www.gronteknik.dk\/artikel\/125850-timan-hyldest-til-grundlagger?fbclid=IwY2xjawFLsK5leHRuA2FlbQIxMQABHfJUz9RY-xQ6-It8oFI3ykIXw6iYPwt-eAfwzvC9iONTc3iiP7W743mdyw_aem_VANzGd89BitPEQIR4ndefA#erhverv\" href=\"https:\/\/www.gronteknik.dk\/artikel\/125850-timan-hyldest-til-grundlagger?fbclid=IwY2xjawFLsK5leHRuA2FlbQIxMQABHfJUz9RY-xQ6-It8oFI3ykIXw6iYPwt-eAfwzvC9iONTc3iiP7W743mdyw_aem_VANzGd89BitPEQIR4ndefA#erhverv\">hier<\/a><\/p>\n","protected":false},"excerpt":{"rendered":"<p>Vom Fabriksvej zum Osvald Pedersensvej Nach dem Gr\u00fcnder der Tim Maskinfabrik, Osvald Pedersen, ist jetzt eine Stra\u00dfe benannt. Sie wird von Fabriksvej in Osvald Pedersens Vej umbenannt. Osvald Pedersen, der das Unternehmen 1961 gr\u00fcndete, revolutionierte mit seinem R\u00fcbenroder die Landwirtschaft in D\u00e4nemark und Europa. Dieser Erfolg legte den Grundstein f\u00fcr ein florierendes Unternehmen, das bis &#8230; <a title=\"\" class=\"read-more\" href=\"https:\/\/timan.dk\/de\/11988\/\" aria-label=\"Mehr Informationen \u00fcber \">Weiterlesen &#8230;<\/a><\/p>\n","protected":false},"author":2,"featured_media":10331,"comment_status":"closed","ping_status":"closed","sticky":false,"template":"","format":"standard","meta":{"_acf_changed":false,"footnotes":""},"categories":[133],"tags":[],"class_list":["post-13959","post","type-post","status-publish","format-standard","has-post-thumbnail","hentry","category-nachrichten-de"],"acf":[],"yoast_head":"<!-- This site is optimized with the Yoast SEO plugin v27.5 - https:\/\/yoast.com\/product\/yoast-seo-wordpress\/ -->\n<title>| Timan A\/S<\/title>\n<meta name=\"robots\" content=\"index, follow, max-snippet:-1, max-image-preview:large, max-video-preview:-1\" \/>\n<link rel=\"canonical\" href=\"https:\/\/timan.dk\/de\/11988\/\" \/>\n<meta property=\"og:locale\" content=\"de_DE\" \/>\n<meta property=\"og:type\" content=\"article\" \/>\n<meta property=\"og:title\" content=\"| Timan A\/S\" \/>\n<meta property=\"og:description\" content=\"Vom Fabriksvej zum Osvald Pedersensvej Nach dem Gr\u00fcnder der Tim Maskinfabrik, Osvald Pedersen, ist jetzt eine Stra\u00dfe benannt. Sie wird von Fabriksvej in Osvald Pedersens Vej umbenannt. Osvald Pedersen, der das Unternehmen 1961 gr\u00fcndete, revolutionierte mit seinem R\u00fcbenroder die Landwirtschaft in D\u00e4nemark und Europa. Dieser Erfolg legte den Grundstein f\u00fcr ein florierendes Unternehmen, das bis ... Weiterlesen ...\" \/>\n<meta property=\"og:url\" content=\"https:\/\/timan.dk\/de\/11988\/\" \/>\n<meta property=\"og:site_name\" content=\"Timan A\/S\" \/>\n<meta property=\"article:published_time\" content=\"2024-09-02T07:07:51+00:00\" \/>\n<meta property=\"article:modified_time\" content=\"2025-08-06T11:47:52+00:00\" \/>\n<meta property=\"og:image\" content=\"https:\/\/timan.dk\/wp-content\/uploads\/2024\/09\/copy-of-facebook-video-fra-design-til-2.jpg\" \/>\n\t<meta property=\"og:image:width\" content=\"1080\" \/>\n\t<meta property=\"og:image:height\" content=\"1080\" \/>\n\t<meta property=\"og:image:type\" content=\"image\/jpeg\" \/>\n<meta name=\"author\" content=\"info@timan.dk\" \/>\n<meta name=\"twitter:card\" content=\"summary_large_image\" \/>\n<meta name=\"twitter:label1\" content=\"Verfasst von\" \/>\n\t<meta name=\"twitter:data1\" content=\"info@timan.dk\" \/>\n\t<meta name=\"twitter:label2\" content=\"Gesch\u00e4tzte Lesezeit\" \/>\n\t<meta name=\"twitter:data2\" content=\"1\u00a0Minute\" \/>\n<script type=\"application\/ld+json\" class=\"yoast-schema-graph\">{\"@context\":\"https:\\\/\\\/schema.org\",\"@graph\":[{\"@type\":\"Article\",\"@id\":\"https:\\\/\\\/timan.dk\\\/de\\\/11988\\\/#article\",\"isPartOf\":{\"@id\":\"https:\\\/\\\/timan.dk\\\/de\\\/11988\\\/\"},\"author\":{\"name\":\"info@timan.dk\",\"@id\":\"https:\\\/\\\/timan.dk\\\/#\\\/schema\\\/person\\\/bb9f9cba9d42bbe7764f2400dd6fef59\"},\"headline\":\"Kein Titel\",\"datePublished\":\"2024-09-02T07:07:51+00:00\",\"dateModified\":\"2025-08-06T11:47:52+00:00\",\"mainEntityOfPage\":{\"@id\":\"https:\\\/\\\/timan.dk\\\/de\\\/11988\\\/\"},\"wordCount\":148,\"publisher\":{\"@id\":\"https:\\\/\\\/timan.dk\\\/#organization\"},\"image\":{\"@id\":\"https:\\\/\\\/timan.dk\\\/de\\\/11988\\\/#primaryimage\"},\"thumbnailUrl\":\"https:\\\/\\\/timan.dk\\\/wp-content\\\/uploads\\\/2024\\\/09\\\/copy-of-facebook-video-fra-design-til-2.jpg\",\"articleSection\":[\"\u200bNachrichten\"],\"inLanguage\":\"de\"},{\"@type\":\"WebPage\",\"@id\":\"https:\\\/\\\/timan.dk\\\/de\\\/11988\\\/\",\"url\":\"https:\\\/\\\/timan.dk\\\/de\\\/11988\\\/\",\"name\":\"| Timan A\\\/S\",\"isPartOf\":{\"@id\":\"https:\\\/\\\/timan.dk\\\/#website\"},\"primaryImageOfPage\":{\"@id\":\"https:\\\/\\\/timan.dk\\\/de\\\/11988\\\/#primaryimage\"},\"image\":{\"@id\":\"https:\\\/\\\/timan.dk\\\/de\\\/11988\\\/#primaryimage\"},\"thumbnailUrl\":\"https:\\\/\\\/timan.dk\\\/wp-content\\\/uploads\\\/2024\\\/09\\\/copy-of-facebook-video-fra-design-til-2.jpg\",\"datePublished\":\"2024-09-02T07:07:51+00:00\",\"dateModified\":\"2025-08-06T11:47:52+00:00\",\"inLanguage\":\"de\",\"potentialAction\":[{\"@type\":\"ReadAction\",\"target\":[\"https:\\\/\\\/timan.dk\\\/de\\\/11988\\\/\"]}]},{\"@type\":\"ImageObject\",\"inLanguage\":\"de\",\"@id\":\"https:\\\/\\\/timan.dk\\\/de\\\/11988\\\/#primaryimage\",\"url\":\"https:\\\/\\\/timan.dk\\\/wp-content\\\/uploads\\\/2024\\\/09\\\/copy-of-facebook-video-fra-design-til-2.jpg\",\"contentUrl\":\"https:\\\/\\\/timan.dk\\\/wp-content\\\/uploads\\\/2024\\\/09\\\/copy-of-facebook-video-fra-design-til-2.jpg\",\"width\":1080,\"height\":1080,\"caption\":\"Ny adresse til Tima maskiner\"},{\"@type\":\"WebSite\",\"@id\":\"https:\\\/\\\/timan.dk\\\/#website\",\"url\":\"https:\\\/\\\/timan.dk\\\/\",\"name\":\"Timan A\\\/S\",\"description\":\"Kehrmaschinen mit Auffangbeh\u00e4lter, B\u00f6schungsm\u00e4her, ferngesteuerte Schlegelm\u00e4her in D\u00e4nemark\",\"publisher\":{\"@id\":\"https:\\\/\\\/timan.dk\\\/#organization\"},\"potentialAction\":[{\"@type\":\"SearchAction\",\"target\":{\"@type\":\"EntryPoint\",\"urlTemplate\":\"https:\\\/\\\/timan.dk\\\/?s={search_term_string}\"},\"query-input\":{\"@type\":\"PropertyValueSpecification\",\"valueRequired\":true,\"valueName\":\"search_term_string\"}}],\"inLanguage\":\"de\"},{\"@type\":\"Organization\",\"@id\":\"https:\\\/\\\/timan.dk\\\/#organization\",\"name\":\"Timan A\\\/S\",\"url\":\"https:\\\/\\\/timan.dk\\\/\",\"logo\":{\"@type\":\"ImageObject\",\"inLanguage\":\"de\",\"@id\":\"https:\\\/\\\/timan.dk\\\/#\\\/schema\\\/logo\\\/image\\\/\",\"url\":\"https:\\\/\\\/timan.dk\\\/wp-content\\\/uploads\\\/2023\\\/08\\\/logo-timan-cut.png\",\"contentUrl\":\"https:\\\/\\\/timan.dk\\\/wp-content\\\/uploads\\\/2023\\\/08\\\/logo-timan-cut.png\",\"width\":2048,\"height\":599,\"caption\":\"Timan A\\\/S\"},\"image\":{\"@id\":\"https:\\\/\\\/timan.dk\\\/#\\\/schema\\\/logo\\\/image\\\/\"}},{\"@type\":\"Person\",\"@id\":\"https:\\\/\\\/timan.dk\\\/#\\\/schema\\\/person\\\/bb9f9cba9d42bbe7764f2400dd6fef59\",\"name\":\"info@timan.dk\",\"url\":\"https:\\\/\\\/timan.dk\\\/de\\\/author\\\/infotiman-dk\\\/\"}]}<\/script>\n<!-- \/ Yoast SEO plugin. -->","yoast_head_json":{"title":"| Timan A\/S","robots":{"index":"index","follow":"follow","max-snippet":"max-snippet:-1","max-image-preview":"max-image-preview:large","max-video-preview":"max-video-preview:-1"},"canonical":"https:\/\/timan.dk\/de\/11988\/","og_locale":"de_DE","og_type":"article","og_title":"| Timan A\/S","og_description":"Vom Fabriksvej zum Osvald Pedersensvej Nach dem Gr\u00fcnder der Tim Maskinfabrik, Osvald Pedersen, ist jetzt eine Stra\u00dfe benannt. Sie wird von Fabriksvej in Osvald Pedersens Vej umbenannt. Osvald Pedersen, der das Unternehmen 1961 gr\u00fcndete, revolutionierte mit seinem R\u00fcbenroder die Landwirtschaft in D\u00e4nemark und Europa. Dieser Erfolg legte den Grundstein f\u00fcr ein florierendes Unternehmen, das bis ... Weiterlesen ...","og_url":"https:\/\/timan.dk\/de\/11988\/","og_site_name":"Timan A\/S","article_published_time":"2024-09-02T07:07:51+00:00","article_modified_time":"2025-08-06T11:47:52+00:00","og_image":[{"width":1080,"height":1080,"url":"https:\/\/timan.dk\/wp-content\/uploads\/2024\/09\/copy-of-facebook-video-fra-design-til-2.jpg","type":"image\/jpeg"}],"author":"info@timan.dk","twitter_card":"summary_large_image","twitter_misc":{"Verfasst von":"info@timan.dk","Gesch\u00e4tzte Lesezeit":"1\u00a0Minute"},"schema":{"@context":"https:\/\/schema.org","@graph":[{"@type":"Article","@id":"https:\/\/timan.dk\/de\/11988\/#article","isPartOf":{"@id":"https:\/\/timan.dk\/de\/11988\/"},"author":{"name":"info@timan.dk","@id":"https:\/\/timan.dk\/#\/schema\/person\/bb9f9cba9d42bbe7764f2400dd6fef59"},"headline":"Kein Titel","datePublished":"2024-09-02T07:07:51+00:00","dateModified":"2025-08-06T11:47:52+00:00","mainEntityOfPage":{"@id":"https:\/\/timan.dk\/de\/11988\/"},"wordCount":148,"publisher":{"@id":"https:\/\/timan.dk\/#organization"},"image":{"@id":"https:\/\/timan.dk\/de\/11988\/#primaryimage"},"thumbnailUrl":"https:\/\/timan.dk\/wp-content\/uploads\/2024\/09\/copy-of-facebook-video-fra-design-til-2.jpg","articleSection":["\u200bNachrichten"],"inLanguage":"de"},{"@type":"WebPage","@id":"https:\/\/timan.dk\/de\/11988\/","url":"https:\/\/timan.dk\/de\/11988\/","name":"| Timan A\/S","isPartOf":{"@id":"https:\/\/timan.dk\/#website"},"primaryImageOfPage":{"@id":"https:\/\/timan.dk\/de\/11988\/#primaryimage"},"image":{"@id":"https:\/\/timan.dk\/de\/11988\/#primaryimage"},"thumbnailUrl":"https:\/\/timan.dk\/wp-content\/uploads\/2024\/09\/copy-of-facebook-video-fra-design-til-2.jpg","datePublished":"2024-09-02T07:07:51+00:00","dateModified":"2025-08-06T11:47:52+00:00","inLanguage":"de","potentialAction":[{"@type":"ReadAction","target":["https:\/\/timan.dk\/de\/11988\/"]}]},{"@type":"ImageObject","inLanguage":"de","@id":"https:\/\/timan.dk\/de\/11988\/#primaryimage","url":"https:\/\/timan.dk\/wp-content\/uploads\/2024\/09\/copy-of-facebook-video-fra-design-til-2.jpg","contentUrl":"https:\/\/timan.dk\/wp-content\/uploads\/2024\/09\/copy-of-facebook-video-fra-design-til-2.jpg","width":1080,"height":1080,"caption":"Ny adresse til Tima maskiner"},{"@type":"WebSite","@id":"https:\/\/timan.dk\/#website","url":"https:\/\/timan.dk\/","name":"Timan A\/S","description":"Kehrmaschinen mit Auffangbeh\u00e4lter, B\u00f6schungsm\u00e4her, ferngesteuerte Schlegelm\u00e4her in D\u00e4nemark","publisher":{"@id":"https:\/\/timan.dk\/#organization"},"potentialAction":[{"@type":"SearchAction","target":{"@type":"EntryPoint","urlTemplate":"https:\/\/timan.dk\/?s={search_term_string}"},"query-input":{"@type":"PropertyValueSpecification","valueRequired":true,"valueName":"search_term_string"}}],"inLanguage":"de"},{"@type":"Organization","@id":"https:\/\/timan.dk\/#organization","name":"Timan A\/S","url":"https:\/\/timan.dk\/","logo":{"@type":"ImageObject","inLanguage":"de","@id":"https:\/\/timan.dk\/#\/schema\/logo\/image\/","url":"https:\/\/timan.dk\/wp-content\/uploads\/2023\/08\/logo-timan-cut.png","contentUrl":"https:\/\/timan.dk\/wp-content\/uploads\/2023\/08\/logo-timan-cut.png","width":2048,"height":599,"caption":"Timan A\/S"},"image":{"@id":"https:\/\/timan.dk\/#\/schema\/logo\/image\/"}},{"@type":"Person","@id":"https:\/\/timan.dk\/#\/schema\/person\/bb9f9cba9d42bbe7764f2400dd6fef59","name":"info@timan.dk","url":"https:\/\/timan.dk\/de\/author\/infotiman-dk\/"}]}},"_links":{"self":[{"href":"https:\/\/timan.dk\/de\/wp-json\/wp\/v2\/posts\/13959","targetHints":{"allow":["GET"]}}],"collection":[{"href":"https:\/\/timan.dk\/de\/wp-json\/wp\/v2\/posts"}],"about":[{"href":"https:\/\/timan.dk\/de\/wp-json\/wp\/v2\/types\/post"}],"author":[{"embeddable":true,"href":"https:\/\/timan.dk\/de\/wp-json\/wp\/v2\/users\/2"}],"replies":[{"embeddable":true,"href":"https:\/\/timan.dk\/de\/wp-json\/wp\/v2\/comments?post=13959"}],"version-history":[{"count":1,"href":"https:\/\/timan.dk\/de\/wp-json\/wp\/v2\/posts\/13959\/revisions"}],"predecessor-version":[{"id":13960,"href":"https:\/\/timan.dk\/de\/wp-json\/wp\/v2\/posts\/13959\/revisions\/13960"}],"wp:featuredmedia":[{"embeddable":true,"href":"https:\/\/timan.dk\/de\/wp-json\/wp\/v2\/media\/10331"}],"wp:attachment":[{"href":"https:\/\/timan.dk\/de\/wp-json\/wp\/v2\/media?parent=13959"}],"wp:term":[{"taxonomy":"category","embeddable":true,"href":"https:\/\/timan.dk\/de\/wp-json\/wp\/v2\/categories?post=13959"},{"taxonomy":"post_tag","embeddable":true,"href":"https:\/\/timan.dk\/de\/wp-json\/wp\/v2\/tags?post=13959"}],"curies":[{"name":"wp","href":"https:\/\/api.w.org\/{rel}","templated":true}]}}