{"id":13978,"date":"2020-01-27T14:16:19","date_gmt":"2020-01-27T13:16:19","guid":{"rendered":"https:\/\/timan.dk\/neue-produktionshalle-bereit-fuer-eroeffnung-einen-grossen-schritt-vor-der-zeit\/"},"modified":"2020-01-27T14:16:19","modified_gmt":"2020-01-27T13:16:19","slug":"neue-produktionshalle-bereit-fuer-eroeffnung-einen-grossen-schritt-vor-der-zeit","status":"publish","type":"post","link":"https:\/\/timan.dk\/de\/neue-produktionshalle-bereit-fuer-eroeffnung-einen-grossen-schritt-vor-der-zeit\/","title":{"rendered":""},"content":{"rendered":"<h2>Neue Produktionshalle bereit zur Einweihung &#8211; ein gro\u00dfer Schritt f\u00fcr Timan<\/h2>\n<p>Unsere neue Produktionshalle wird bald fertig sein und wir k\u00f6nnen es kaum erwarten, sie in Betrieb zu nehmen! Mit mehr Platz k\u00f6nnen wir die Produktion unserer RCs optimieren und einen noch besseren Arbeitsablauf schaffen. Das bedeutet eine effizientere Produktion, h\u00f6here Kapazit\u00e4t und noch bessere Qualit\u00e4t f\u00fcr unsere Kunden.<\/p>\n<p>Diese Erweiterung ist ein wichtiger Schritt in unserem Wachstum und wir freuen uns darauf, die vielen Vorteile zu erleben, die sie mit sich bringt. Schon bald werden die ersten Maschinen in den neuen R\u00e4umlichkeiten in Betrieb genommen!<\/p>\n","protected":false},"excerpt":{"rendered":"<p>Neue Produktionshalle bereit zur Einweihung &#8211; ein gro\u00dfer Schritt f\u00fcr Timan Unsere neue Produktionshalle wird bald fertig sein und wir k\u00f6nnen es kaum erwarten, sie in Betrieb zu nehmen! Mit mehr Platz k\u00f6nnen wir die Produktion unserer RCs optimieren und einen noch besseren Arbeitsablauf schaffen. Das bedeutet eine effizientere Produktion, h\u00f6here Kapazit\u00e4t und noch bessere &#8230; <a title=\"\" class=\"read-more\" href=\"https:\/\/timan.dk\/de\/neue-produktionshalle-bereit-fuer-eroeffnung-einen-grossen-schritt-vor-der-zeit\/\" aria-label=\"Mehr Informationen \u00fcber \">Weiterlesen &#8230;<\/a><\/p>\n","protected":false},"author":2,"featured_media":6385,"comment_status":"closed","ping_status":"closed","sticky":false,"template":"","format":"standard","meta":{"_acf_changed":false,"footnotes":""},"categories":[133],"tags":[],"class_list":["post-13978","post","type-post","status-publish","format-standard","has-post-thumbnail","hentry","category-nachrichten-de"],"acf":[],"yoast_head":"<!-- This site is optimized with the Yoast SEO plugin v27.5 - https:\/\/yoast.com\/product\/yoast-seo-wordpress\/ -->\n<title>| Timan A\/S<\/title>\n<meta name=\"robots\" content=\"index, follow, max-snippet:-1, max-image-preview:large, max-video-preview:-1\" \/>\n<link rel=\"canonical\" href=\"https:\/\/timan.dk\/ny-produktionshal-klar-til-indvielse-et-stort-skridt-for-timan\/\" \/>\n<meta property=\"og:locale\" content=\"de_DE\" \/>\n<meta property=\"og:type\" content=\"article\" \/>\n<meta property=\"og:title\" content=\"| Timan A\/S\" \/>\n<meta property=\"og:description\" content=\"Neue Produktionshalle bereit zur Einweihung &#8211; ein gro\u00dfer Schritt f\u00fcr Timan Unsere neue Produktionshalle wird bald fertig sein und wir k\u00f6nnen es kaum erwarten, sie in Betrieb zu nehmen! Mit mehr Platz k\u00f6nnen wir die Produktion unserer RCs optimieren und einen noch besseren Arbeitsablauf schaffen. Das bedeutet eine effizientere Produktion, h\u00f6here Kapazit\u00e4t und noch bessere ... Weiterlesen ...\" \/>\n<meta property=\"og:url\" content=\"https:\/\/timan.dk\/ny-produktionshal-klar-til-indvielse-et-stort-skridt-for-timan\/\" \/>\n<meta property=\"og:site_name\" content=\"Timan A\/S\" \/>\n<meta property=\"article:published_time\" content=\"2020-01-27T13:16:19+00:00\" \/>\n<meta property=\"og:image\" content=\"https:\/\/timan.dk\/wp-content\/uploads\/2023\/08\/5ny-hal-timan-nyt.jpg\" \/>\n\t<meta property=\"og:image:width\" content=\"1500\" \/>\n\t<meta property=\"og:image:height\" content=\"1125\" \/>\n\t<meta property=\"og:image:type\" content=\"image\/jpeg\" \/>\n<meta name=\"author\" content=\"info@timan.dk\" \/>\n<meta name=\"twitter:card\" content=\"summary_large_image\" \/>\n<meta name=\"twitter:label1\" content=\"Verfasst von\" \/>\n\t<meta name=\"twitter:data1\" content=\"info@timan.dk\" \/>\n\t<meta name=\"twitter:label2\" content=\"Gesch\u00e4tzte Lesezeit\" \/>\n\t<meta name=\"twitter:data2\" content=\"1\u00a0Minute\" \/>\n<script type=\"application\/ld+json\" class=\"yoast-schema-graph\">{\"@context\":\"https:\\\/\\\/schema.org\",\"@graph\":[{\"@type\":\"Article\",\"@id\":\"https:\\\/\\\/timan.dk\\\/ny-produktionshal-klar-til-indvielse-et-stort-skridt-for-timan\\\/#article\",\"isPartOf\":{\"@id\":\"https:\\\/\\\/timan.dk\\\/ny-produktionshal-klar-til-indvielse-et-stort-skridt-for-timan\\\/\"},\"author\":{\"name\":\"info@timan.dk\",\"@id\":\"https:\\\/\\\/timan.dk\\\/#\\\/schema\\\/person\\\/bb9f9cba9d42bbe7764f2400dd6fef59\"},\"headline\":\"Kein Titel\",\"datePublished\":\"2020-01-27T13:16:19+00:00\",\"mainEntityOfPage\":{\"@id\":\"https:\\\/\\\/timan.dk\\\/ny-produktionshal-klar-til-indvielse-et-stort-skridt-for-timan\\\/\"},\"wordCount\":105,\"publisher\":{\"@id\":\"https:\\\/\\\/timan.dk\\\/#organization\"},\"image\":{\"@id\":\"https:\\\/\\\/timan.dk\\\/ny-produktionshal-klar-til-indvielse-et-stort-skridt-for-timan\\\/#primaryimage\"},\"thumbnailUrl\":\"https:\\\/\\\/timan.dk\\\/wp-content\\\/uploads\\\/2023\\\/08\\\/5ny-hal-timan-nyt.jpg\",\"articleSection\":[\"\u200bNachrichten\"],\"inLanguage\":\"de\"},{\"@type\":\"WebPage\",\"@id\":\"https:\\\/\\\/timan.dk\\\/ny-produktionshal-klar-til-indvielse-et-stort-skridt-for-timan\\\/\",\"url\":\"https:\\\/\\\/timan.dk\\\/ny-produktionshal-klar-til-indvielse-et-stort-skridt-for-timan\\\/\",\"name\":\"| Timan A\\\/S\",\"isPartOf\":{\"@id\":\"https:\\\/\\\/timan.dk\\\/#website\"},\"primaryImageOfPage\":{\"@id\":\"https:\\\/\\\/timan.dk\\\/ny-produktionshal-klar-til-indvielse-et-stort-skridt-for-timan\\\/#primaryimage\"},\"image\":{\"@id\":\"https:\\\/\\\/timan.dk\\\/ny-produktionshal-klar-til-indvielse-et-stort-skridt-for-timan\\\/#primaryimage\"},\"thumbnailUrl\":\"https:\\\/\\\/timan.dk\\\/wp-content\\\/uploads\\\/2023\\\/08\\\/5ny-hal-timan-nyt.jpg\",\"datePublished\":\"2020-01-27T13:16:19+00:00\",\"inLanguage\":\"de\",\"potentialAction\":[{\"@type\":\"ReadAction\",\"target\":[\"https:\\\/\\\/timan.dk\\\/ny-produktionshal-klar-til-indvielse-et-stort-skridt-for-timan\\\/\"]}]},{\"@type\":\"ImageObject\",\"inLanguage\":\"de\",\"@id\":\"https:\\\/\\\/timan.dk\\\/ny-produktionshal-klar-til-indvielse-et-stort-skridt-for-timan\\\/#primaryimage\",\"url\":\"https:\\\/\\\/timan.dk\\\/wp-content\\\/uploads\\\/2023\\\/08\\\/5ny-hal-timan-nyt.jpg\",\"contentUrl\":\"https:\\\/\\\/timan.dk\\\/wp-content\\\/uploads\\\/2023\\\/08\\\/5ny-hal-timan-nyt.jpg\",\"width\":1500,\"height\":1125,\"caption\":\"En stor produktionshal i Danmark\"},{\"@type\":\"WebSite\",\"@id\":\"https:\\\/\\\/timan.dk\\\/#website\",\"url\":\"https:\\\/\\\/timan.dk\\\/\",\"name\":\"Timan A\\\/S\",\"description\":\"Kehrmaschinen mit Auffangbeh\u00e4lter, B\u00f6schungsm\u00e4her, ferngesteuerte Schlegelm\u00e4her in D\u00e4nemark\",\"publisher\":{\"@id\":\"https:\\\/\\\/timan.dk\\\/#organization\"},\"potentialAction\":[{\"@type\":\"SearchAction\",\"target\":{\"@type\":\"EntryPoint\",\"urlTemplate\":\"https:\\\/\\\/timan.dk\\\/?s={search_term_string}\"},\"query-input\":{\"@type\":\"PropertyValueSpecification\",\"valueRequired\":true,\"valueName\":\"search_term_string\"}}],\"inLanguage\":\"de\"},{\"@type\":\"Organization\",\"@id\":\"https:\\\/\\\/timan.dk\\\/#organization\",\"name\":\"Timan A\\\/S\",\"url\":\"https:\\\/\\\/timan.dk\\\/\",\"logo\":{\"@type\":\"ImageObject\",\"inLanguage\":\"de\",\"@id\":\"https:\\\/\\\/timan.dk\\\/#\\\/schema\\\/logo\\\/image\\\/\",\"url\":\"https:\\\/\\\/timan.dk\\\/wp-content\\\/uploads\\\/2023\\\/08\\\/logo-timan-cut.png\",\"contentUrl\":\"https:\\\/\\\/timan.dk\\\/wp-content\\\/uploads\\\/2023\\\/08\\\/logo-timan-cut.png\",\"width\":2048,\"height\":599,\"caption\":\"Timan A\\\/S\"},\"image\":{\"@id\":\"https:\\\/\\\/timan.dk\\\/#\\\/schema\\\/logo\\\/image\\\/\"}},{\"@type\":\"Person\",\"@id\":\"https:\\\/\\\/timan.dk\\\/#\\\/schema\\\/person\\\/bb9f9cba9d42bbe7764f2400dd6fef59\",\"name\":\"info@timan.dk\",\"url\":\"https:\\\/\\\/timan.dk\\\/de\\\/author\\\/infotiman-dk\\\/\"}]}<\/script>\n<!-- \/ Yoast SEO plugin. -->","yoast_head_json":{"title":"| Timan A\/S","robots":{"index":"index","follow":"follow","max-snippet":"max-snippet:-1","max-image-preview":"max-image-preview:large","max-video-preview":"max-video-preview:-1"},"canonical":"https:\/\/timan.dk\/ny-produktionshal-klar-til-indvielse-et-stort-skridt-for-timan\/","og_locale":"de_DE","og_type":"article","og_title":"| Timan A\/S","og_description":"Neue Produktionshalle bereit zur Einweihung &#8211; ein gro\u00dfer Schritt f\u00fcr Timan Unsere neue Produktionshalle wird bald fertig sein und wir k\u00f6nnen es kaum erwarten, sie in Betrieb zu nehmen! Mit mehr Platz k\u00f6nnen wir die Produktion unserer RCs optimieren und einen noch besseren Arbeitsablauf schaffen. Das bedeutet eine effizientere Produktion, h\u00f6here Kapazit\u00e4t und noch bessere ... Weiterlesen ...","og_url":"https:\/\/timan.dk\/ny-produktionshal-klar-til-indvielse-et-stort-skridt-for-timan\/","og_site_name":"Timan A\/S","article_published_time":"2020-01-27T13:16:19+00:00","og_image":[{"width":1500,"height":1125,"url":"https:\/\/timan.dk\/wp-content\/uploads\/2023\/08\/5ny-hal-timan-nyt.jpg","type":"image\/jpeg"}],"author":"info@timan.dk","twitter_card":"summary_large_image","twitter_misc":{"Verfasst von":"info@timan.dk","Gesch\u00e4tzte Lesezeit":"1\u00a0Minute"},"schema":{"@context":"https:\/\/schema.org","@graph":[{"@type":"Article","@id":"https:\/\/timan.dk\/ny-produktionshal-klar-til-indvielse-et-stort-skridt-for-timan\/#article","isPartOf":{"@id":"https:\/\/timan.dk\/ny-produktionshal-klar-til-indvielse-et-stort-skridt-for-timan\/"},"author":{"name":"info@timan.dk","@id":"https:\/\/timan.dk\/#\/schema\/person\/bb9f9cba9d42bbe7764f2400dd6fef59"},"headline":"Kein Titel","datePublished":"2020-01-27T13:16:19+00:00","mainEntityOfPage":{"@id":"https:\/\/timan.dk\/ny-produktionshal-klar-til-indvielse-et-stort-skridt-for-timan\/"},"wordCount":105,"publisher":{"@id":"https:\/\/timan.dk\/#organization"},"image":{"@id":"https:\/\/timan.dk\/ny-produktionshal-klar-til-indvielse-et-stort-skridt-for-timan\/#primaryimage"},"thumbnailUrl":"https:\/\/timan.dk\/wp-content\/uploads\/2023\/08\/5ny-hal-timan-nyt.jpg","articleSection":["\u200bNachrichten"],"inLanguage":"de"},{"@type":"WebPage","@id":"https:\/\/timan.dk\/ny-produktionshal-klar-til-indvielse-et-stort-skridt-for-timan\/","url":"https:\/\/timan.dk\/ny-produktionshal-klar-til-indvielse-et-stort-skridt-for-timan\/","name":"| Timan A\/S","isPartOf":{"@id":"https:\/\/timan.dk\/#website"},"primaryImageOfPage":{"@id":"https:\/\/timan.dk\/ny-produktionshal-klar-til-indvielse-et-stort-skridt-for-timan\/#primaryimage"},"image":{"@id":"https:\/\/timan.dk\/ny-produktionshal-klar-til-indvielse-et-stort-skridt-for-timan\/#primaryimage"},"thumbnailUrl":"https:\/\/timan.dk\/wp-content\/uploads\/2023\/08\/5ny-hal-timan-nyt.jpg","datePublished":"2020-01-27T13:16:19+00:00","inLanguage":"de","potentialAction":[{"@type":"ReadAction","target":["https:\/\/timan.dk\/ny-produktionshal-klar-til-indvielse-et-stort-skridt-for-timan\/"]}]},{"@type":"ImageObject","inLanguage":"de","@id":"https:\/\/timan.dk\/ny-produktionshal-klar-til-indvielse-et-stort-skridt-for-timan\/#primaryimage","url":"https:\/\/timan.dk\/wp-content\/uploads\/2023\/08\/5ny-hal-timan-nyt.jpg","contentUrl":"https:\/\/timan.dk\/wp-content\/uploads\/2023\/08\/5ny-hal-timan-nyt.jpg","width":1500,"height":1125,"caption":"En stor produktionshal i Danmark"},{"@type":"WebSite","@id":"https:\/\/timan.dk\/#website","url":"https:\/\/timan.dk\/","name":"Timan A\/S","description":"Kehrmaschinen mit Auffangbeh\u00e4lter, B\u00f6schungsm\u00e4her, ferngesteuerte Schlegelm\u00e4her in D\u00e4nemark","publisher":{"@id":"https:\/\/timan.dk\/#organization"},"potentialAction":[{"@type":"SearchAction","target":{"@type":"EntryPoint","urlTemplate":"https:\/\/timan.dk\/?s={search_term_string}"},"query-input":{"@type":"PropertyValueSpecification","valueRequired":true,"valueName":"search_term_string"}}],"inLanguage":"de"},{"@type":"Organization","@id":"https:\/\/timan.dk\/#organization","name":"Timan A\/S","url":"https:\/\/timan.dk\/","logo":{"@type":"ImageObject","inLanguage":"de","@id":"https:\/\/timan.dk\/#\/schema\/logo\/image\/","url":"https:\/\/timan.dk\/wp-content\/uploads\/2023\/08\/logo-timan-cut.png","contentUrl":"https:\/\/timan.dk\/wp-content\/uploads\/2023\/08\/logo-timan-cut.png","width":2048,"height":599,"caption":"Timan A\/S"},"image":{"@id":"https:\/\/timan.dk\/#\/schema\/logo\/image\/"}},{"@type":"Person","@id":"https:\/\/timan.dk\/#\/schema\/person\/bb9f9cba9d42bbe7764f2400dd6fef59","name":"info@timan.dk","url":"https:\/\/timan.dk\/de\/author\/infotiman-dk\/"}]}},"_links":{"self":[{"href":"https:\/\/timan.dk\/de\/wp-json\/wp\/v2\/posts\/13978","targetHints":{"allow":["GET"]}}],"collection":[{"href":"https:\/\/timan.dk\/de\/wp-json\/wp\/v2\/posts"}],"about":[{"href":"https:\/\/timan.dk\/de\/wp-json\/wp\/v2\/types\/post"}],"author":[{"embeddable":true,"href":"https:\/\/timan.dk\/de\/wp-json\/wp\/v2\/users\/2"}],"replies":[{"embeddable":true,"href":"https:\/\/timan.dk\/de\/wp-json\/wp\/v2\/comments?post=13978"}],"version-history":[{"count":0,"href":"https:\/\/timan.dk\/de\/wp-json\/wp\/v2\/posts\/13978\/revisions"}],"wp:featuredmedia":[{"embeddable":true,"href":"https:\/\/timan.dk\/de\/wp-json\/wp\/v2\/media\/6385"}],"wp:attachment":[{"href":"https:\/\/timan.dk\/de\/wp-json\/wp\/v2\/media?parent=13978"}],"wp:term":[{"taxonomy":"category","embeddable":true,"href":"https:\/\/timan.dk\/de\/wp-json\/wp\/v2\/categories?post=13978"},{"taxonomy":"post_tag","embeddable":true,"href":"https:\/\/timan.dk\/de\/wp-json\/wp\/v2\/tags?post=13978"}],"curies":[{"name":"wp","href":"https:\/\/api.w.org\/{rel}","templated":true}]}}