{"id":13979,"date":"2020-01-27T13:23:24","date_gmt":"2020-01-27T12:23:24","guid":{"rendered":"https:\/\/timan.dk\/mit-dem-neuen-kombistreuer-war-ihr-winterdienst-noch-nie-so-einfach\/"},"modified":"2020-01-27T13:23:24","modified_gmt":"2020-01-27T12:23:24","slug":"mit-dem-neuen-kombistreuer-war-ihr-winterdienst-noch-nie-so-einfach","status":"publish","type":"post","link":"https:\/\/timan.dk\/de\/mit-dem-neuen-kombistreuer-war-ihr-winterdienst-noch-nie-so-einfach\/","title":{"rendered":""},"content":{"rendered":"<h2>Mit dem neuen Kombistreuer ist Ihr Winterdienst so einfach wie nie<\/h2>\n<p>Timan wird in K\u00fcrze einen speziellen Salzstreuer auf den Markt bringen, einen kombinierten Streuer und Walzenstreuer. Vom Fahrersitz aus bestimmen Sie, ob Sie Salz\/Sand auf Ihrer Stra\u00dfe streuen oder ausbringen wollen. Wir freuen uns darauf, Ihnen das fertige Produkt zu pr\u00e4sentieren &#8211; folgen Sie uns auf <a href=\"https:\/\/www.facebook.com\/Timanmachines\/\">Facebook<\/a>, <a href=\"https:\/\/www.youtube.com\/channel\/UCsdHCqI4dse899ikrV97v5A\">Youtube<\/a> und hier auf timan.dk.<\/p>\n","protected":false},"excerpt":{"rendered":"<p>Mit dem neuen Kombistreuer ist Ihr Winterdienst so einfach wie nie Timan wird in K\u00fcrze einen speziellen Salzstreuer auf den Markt bringen, einen kombinierten Streuer und Walzenstreuer. Vom Fahrersitz aus bestimmen Sie, ob Sie Salz\/Sand auf Ihrer Stra\u00dfe streuen oder ausbringen wollen. Wir freuen uns darauf, Ihnen das fertige Produkt zu pr\u00e4sentieren &#8211; folgen Sie &#8230; <a title=\"\" class=\"read-more\" href=\"https:\/\/timan.dk\/de\/mit-dem-neuen-kombistreuer-war-ihr-winterdienst-noch-nie-so-einfach\/\" aria-label=\"Mehr Informationen \u00fcber \">Weiterlesen &#8230;<\/a><\/p>\n","protected":false},"author":2,"featured_media":6379,"comment_status":"closed","ping_status":"closed","sticky":false,"template":"","format":"standard","meta":{"_acf_changed":false,"footnotes":""},"categories":[133],"tags":[],"class_list":["post-13979","post","type-post","status-publish","format-standard","has-post-thumbnail","hentry","category-nachrichten-de"],"acf":[],"yoast_head":"<!-- This site is optimized with the Yoast SEO plugin v27.5 - https:\/\/yoast.com\/product\/yoast-seo-wordpress\/ -->\n<title>| Timan A\/S<\/title>\n<meta name=\"description\" content=\"Mit dem neuen Kombistreuer war Ihr Winterdienst noch nie so einfach wie heute\" \/>\n<meta name=\"robots\" content=\"index, follow, max-snippet:-1, max-image-preview:large, max-video-preview:-1\" \/>\n<link rel=\"canonical\" href=\"https:\/\/timan.dk\/med-den-nye-combispreder-har-din-vintertjeneste-aldrig-vaeret-nemmere\/\" \/>\n<meta property=\"og:locale\" content=\"de_DE\" \/>\n<meta property=\"og:type\" content=\"article\" \/>\n<meta property=\"og:title\" content=\"| Timan A\/S\" \/>\n<meta property=\"og:description\" content=\"Mit dem neuen Kombistreuer war Ihr Winterdienst noch nie so einfach wie heute\" \/>\n<meta property=\"og:url\" content=\"https:\/\/timan.dk\/med-den-nye-combispreder-har-din-vintertjeneste-aldrig-vaeret-nemmere\/\" \/>\n<meta property=\"og:site_name\" content=\"Timan A\/S\" \/>\n<meta property=\"article:published_time\" content=\"2020-01-27T12:23:24+00:00\" \/>\n<meta property=\"og:image\" content=\"https:\/\/timan.dk\/wp-content\/uploads\/2023\/08\/6ny-combispreder-produktnyt.jpg\" \/>\n\t<meta property=\"og:image:width\" content=\"1500\" \/>\n\t<meta property=\"og:image:height\" content=\"1015\" \/>\n\t<meta property=\"og:image:type\" content=\"image\/jpeg\" \/>\n<meta name=\"author\" content=\"info@timan.dk\" \/>\n<meta name=\"twitter:card\" content=\"summary_large_image\" \/>\n<meta name=\"twitter:label1\" content=\"Verfasst von\" \/>\n\t<meta name=\"twitter:data1\" content=\"info@timan.dk\" \/>\n<script type=\"application\/ld+json\" class=\"yoast-schema-graph\">{\"@context\":\"https:\\\/\\\/schema.org\",\"@graph\":[{\"@type\":\"Article\",\"@id\":\"https:\\\/\\\/timan.dk\\\/med-den-nye-combispreder-har-din-vintertjeneste-aldrig-vaeret-nemmere\\\/#article\",\"isPartOf\":{\"@id\":\"https:\\\/\\\/timan.dk\\\/med-den-nye-combispreder-har-din-vintertjeneste-aldrig-vaeret-nemmere\\\/\"},\"author\":{\"name\":\"info@timan.dk\",\"@id\":\"https:\\\/\\\/timan.dk\\\/#\\\/schema\\\/person\\\/bb9f9cba9d42bbe7764f2400dd6fef59\"},\"headline\":\"Kein Titel\",\"datePublished\":\"2020-01-27T12:23:24+00:00\",\"mainEntityOfPage\":{\"@id\":\"https:\\\/\\\/timan.dk\\\/med-den-nye-combispreder-har-din-vintertjeneste-aldrig-vaeret-nemmere\\\/\"},\"wordCount\":68,\"publisher\":{\"@id\":\"https:\\\/\\\/timan.dk\\\/#organization\"},\"image\":{\"@id\":\"https:\\\/\\\/timan.dk\\\/med-den-nye-combispreder-har-din-vintertjeneste-aldrig-vaeret-nemmere\\\/#primaryimage\"},\"thumbnailUrl\":\"https:\\\/\\\/timan.dk\\\/wp-content\\\/uploads\\\/2023\\\/08\\\/6ny-combispreder-produktnyt.jpg\",\"articleSection\":[\"\u200bNachrichten\"],\"inLanguage\":\"de\"},{\"@type\":\"WebPage\",\"@id\":\"https:\\\/\\\/timan.dk\\\/med-den-nye-combispreder-har-din-vintertjeneste-aldrig-vaeret-nemmere\\\/\",\"url\":\"https:\\\/\\\/timan.dk\\\/med-den-nye-combispreder-har-din-vintertjeneste-aldrig-vaeret-nemmere\\\/\",\"name\":\"| Timan A\\\/S\",\"isPartOf\":{\"@id\":\"https:\\\/\\\/timan.dk\\\/#website\"},\"primaryImageOfPage\":{\"@id\":\"https:\\\/\\\/timan.dk\\\/med-den-nye-combispreder-har-din-vintertjeneste-aldrig-vaeret-nemmere\\\/#primaryimage\"},\"image\":{\"@id\":\"https:\\\/\\\/timan.dk\\\/med-den-nye-combispreder-har-din-vintertjeneste-aldrig-vaeret-nemmere\\\/#primaryimage\"},\"thumbnailUrl\":\"https:\\\/\\\/timan.dk\\\/wp-content\\\/uploads\\\/2023\\\/08\\\/6ny-combispreder-produktnyt.jpg\",\"datePublished\":\"2020-01-27T12:23:24+00:00\",\"description\":\"Mit dem neuen Kombistreuer war Ihr Winterdienst noch nie so einfach wie heute\",\"inLanguage\":\"de\",\"potentialAction\":[{\"@type\":\"ReadAction\",\"target\":[\"https:\\\/\\\/timan.dk\\\/med-den-nye-combispreder-har-din-vintertjeneste-aldrig-vaeret-nemmere\\\/\"]}]},{\"@type\":\"ImageObject\",\"inLanguage\":\"de\",\"@id\":\"https:\\\/\\\/timan.dk\\\/med-den-nye-combispreder-har-din-vintertjeneste-aldrig-vaeret-nemmere\\\/#primaryimage\",\"url\":\"https:\\\/\\\/timan.dk\\\/wp-content\\\/uploads\\\/2023\\\/08\\\/6ny-combispreder-produktnyt.jpg\",\"contentUrl\":\"https:\\\/\\\/timan.dk\\\/wp-content\\\/uploads\\\/2023\\\/08\\\/6ny-combispreder-produktnyt.jpg\",\"width\":1500,\"height\":1015,\"caption\":\"Combispreder til vintertjeneste\"},{\"@type\":\"WebSite\",\"@id\":\"https:\\\/\\\/timan.dk\\\/#website\",\"url\":\"https:\\\/\\\/timan.dk\\\/\",\"name\":\"Timan A\\\/S\",\"description\":\"Kehrmaschinen mit Auffangbeh\u00e4lter, B\u00f6schungsm\u00e4her, ferngesteuerte Schlegelm\u00e4her in D\u00e4nemark\",\"publisher\":{\"@id\":\"https:\\\/\\\/timan.dk\\\/#organization\"},\"potentialAction\":[{\"@type\":\"SearchAction\",\"target\":{\"@type\":\"EntryPoint\",\"urlTemplate\":\"https:\\\/\\\/timan.dk\\\/?s={search_term_string}\"},\"query-input\":{\"@type\":\"PropertyValueSpecification\",\"valueRequired\":true,\"valueName\":\"search_term_string\"}}],\"inLanguage\":\"de\"},{\"@type\":\"Organization\",\"@id\":\"https:\\\/\\\/timan.dk\\\/#organization\",\"name\":\"Timan A\\\/S\",\"url\":\"https:\\\/\\\/timan.dk\\\/\",\"logo\":{\"@type\":\"ImageObject\",\"inLanguage\":\"de\",\"@id\":\"https:\\\/\\\/timan.dk\\\/#\\\/schema\\\/logo\\\/image\\\/\",\"url\":\"https:\\\/\\\/timan.dk\\\/wp-content\\\/uploads\\\/2023\\\/08\\\/logo-timan-cut.png\",\"contentUrl\":\"https:\\\/\\\/timan.dk\\\/wp-content\\\/uploads\\\/2023\\\/08\\\/logo-timan-cut.png\",\"width\":2048,\"height\":599,\"caption\":\"Timan A\\\/S\"},\"image\":{\"@id\":\"https:\\\/\\\/timan.dk\\\/#\\\/schema\\\/logo\\\/image\\\/\"}},{\"@type\":\"Person\",\"@id\":\"https:\\\/\\\/timan.dk\\\/#\\\/schema\\\/person\\\/bb9f9cba9d42bbe7764f2400dd6fef59\",\"name\":\"info@timan.dk\",\"url\":\"https:\\\/\\\/timan.dk\\\/de\\\/author\\\/infotiman-dk\\\/\"}]}<\/script>\n<!-- \/ Yoast SEO plugin. -->","yoast_head_json":{"title":"| Timan A\/S","description":"Mit dem neuen Kombistreuer war Ihr Winterdienst noch nie so einfach wie heute","robots":{"index":"index","follow":"follow","max-snippet":"max-snippet:-1","max-image-preview":"max-image-preview:large","max-video-preview":"max-video-preview:-1"},"canonical":"https:\/\/timan.dk\/med-den-nye-combispreder-har-din-vintertjeneste-aldrig-vaeret-nemmere\/","og_locale":"de_DE","og_type":"article","og_title":"| Timan A\/S","og_description":"Mit dem neuen Kombistreuer war Ihr Winterdienst noch nie so einfach wie heute","og_url":"https:\/\/timan.dk\/med-den-nye-combispreder-har-din-vintertjeneste-aldrig-vaeret-nemmere\/","og_site_name":"Timan A\/S","article_published_time":"2020-01-27T12:23:24+00:00","og_image":[{"width":1500,"height":1015,"url":"https:\/\/timan.dk\/wp-content\/uploads\/2023\/08\/6ny-combispreder-produktnyt.jpg","type":"image\/jpeg"}],"author":"info@timan.dk","twitter_card":"summary_large_image","twitter_misc":{"Verfasst von":"info@timan.dk"},"schema":{"@context":"https:\/\/schema.org","@graph":[{"@type":"Article","@id":"https:\/\/timan.dk\/med-den-nye-combispreder-har-din-vintertjeneste-aldrig-vaeret-nemmere\/#article","isPartOf":{"@id":"https:\/\/timan.dk\/med-den-nye-combispreder-har-din-vintertjeneste-aldrig-vaeret-nemmere\/"},"author":{"name":"info@timan.dk","@id":"https:\/\/timan.dk\/#\/schema\/person\/bb9f9cba9d42bbe7764f2400dd6fef59"},"headline":"Kein Titel","datePublished":"2020-01-27T12:23:24+00:00","mainEntityOfPage":{"@id":"https:\/\/timan.dk\/med-den-nye-combispreder-har-din-vintertjeneste-aldrig-vaeret-nemmere\/"},"wordCount":68,"publisher":{"@id":"https:\/\/timan.dk\/#organization"},"image":{"@id":"https:\/\/timan.dk\/med-den-nye-combispreder-har-din-vintertjeneste-aldrig-vaeret-nemmere\/#primaryimage"},"thumbnailUrl":"https:\/\/timan.dk\/wp-content\/uploads\/2023\/08\/6ny-combispreder-produktnyt.jpg","articleSection":["\u200bNachrichten"],"inLanguage":"de"},{"@type":"WebPage","@id":"https:\/\/timan.dk\/med-den-nye-combispreder-har-din-vintertjeneste-aldrig-vaeret-nemmere\/","url":"https:\/\/timan.dk\/med-den-nye-combispreder-har-din-vintertjeneste-aldrig-vaeret-nemmere\/","name":"| Timan A\/S","isPartOf":{"@id":"https:\/\/timan.dk\/#website"},"primaryImageOfPage":{"@id":"https:\/\/timan.dk\/med-den-nye-combispreder-har-din-vintertjeneste-aldrig-vaeret-nemmere\/#primaryimage"},"image":{"@id":"https:\/\/timan.dk\/med-den-nye-combispreder-har-din-vintertjeneste-aldrig-vaeret-nemmere\/#primaryimage"},"thumbnailUrl":"https:\/\/timan.dk\/wp-content\/uploads\/2023\/08\/6ny-combispreder-produktnyt.jpg","datePublished":"2020-01-27T12:23:24+00:00","description":"Mit dem neuen Kombistreuer war Ihr Winterdienst noch nie so einfach wie heute","inLanguage":"de","potentialAction":[{"@type":"ReadAction","target":["https:\/\/timan.dk\/med-den-nye-combispreder-har-din-vintertjeneste-aldrig-vaeret-nemmere\/"]}]},{"@type":"ImageObject","inLanguage":"de","@id":"https:\/\/timan.dk\/med-den-nye-combispreder-har-din-vintertjeneste-aldrig-vaeret-nemmere\/#primaryimage","url":"https:\/\/timan.dk\/wp-content\/uploads\/2023\/08\/6ny-combispreder-produktnyt.jpg","contentUrl":"https:\/\/timan.dk\/wp-content\/uploads\/2023\/08\/6ny-combispreder-produktnyt.jpg","width":1500,"height":1015,"caption":"Combispreder til vintertjeneste"},{"@type":"WebSite","@id":"https:\/\/timan.dk\/#website","url":"https:\/\/timan.dk\/","name":"Timan A\/S","description":"Kehrmaschinen mit Auffangbeh\u00e4lter, B\u00f6schungsm\u00e4her, ferngesteuerte Schlegelm\u00e4her in D\u00e4nemark","publisher":{"@id":"https:\/\/timan.dk\/#organization"},"potentialAction":[{"@type":"SearchAction","target":{"@type":"EntryPoint","urlTemplate":"https:\/\/timan.dk\/?s={search_term_string}"},"query-input":{"@type":"PropertyValueSpecification","valueRequired":true,"valueName":"search_term_string"}}],"inLanguage":"de"},{"@type":"Organization","@id":"https:\/\/timan.dk\/#organization","name":"Timan A\/S","url":"https:\/\/timan.dk\/","logo":{"@type":"ImageObject","inLanguage":"de","@id":"https:\/\/timan.dk\/#\/schema\/logo\/image\/","url":"https:\/\/timan.dk\/wp-content\/uploads\/2023\/08\/logo-timan-cut.png","contentUrl":"https:\/\/timan.dk\/wp-content\/uploads\/2023\/08\/logo-timan-cut.png","width":2048,"height":599,"caption":"Timan A\/S"},"image":{"@id":"https:\/\/timan.dk\/#\/schema\/logo\/image\/"}},{"@type":"Person","@id":"https:\/\/timan.dk\/#\/schema\/person\/bb9f9cba9d42bbe7764f2400dd6fef59","name":"info@timan.dk","url":"https:\/\/timan.dk\/de\/author\/infotiman-dk\/"}]}},"_links":{"self":[{"href":"https:\/\/timan.dk\/de\/wp-json\/wp\/v2\/posts\/13979","targetHints":{"allow":["GET"]}}],"collection":[{"href":"https:\/\/timan.dk\/de\/wp-json\/wp\/v2\/posts"}],"about":[{"href":"https:\/\/timan.dk\/de\/wp-json\/wp\/v2\/types\/post"}],"author":[{"embeddable":true,"href":"https:\/\/timan.dk\/de\/wp-json\/wp\/v2\/users\/2"}],"replies":[{"embeddable":true,"href":"https:\/\/timan.dk\/de\/wp-json\/wp\/v2\/comments?post=13979"}],"version-history":[{"count":0,"href":"https:\/\/timan.dk\/de\/wp-json\/wp\/v2\/posts\/13979\/revisions"}],"wp:featuredmedia":[{"embeddable":true,"href":"https:\/\/timan.dk\/de\/wp-json\/wp\/v2\/media\/6379"}],"wp:attachment":[{"href":"https:\/\/timan.dk\/de\/wp-json\/wp\/v2\/media?parent=13979"}],"wp:term":[{"taxonomy":"category","embeddable":true,"href":"https:\/\/timan.dk\/de\/wp-json\/wp\/v2\/categories?post=13979"},{"taxonomy":"post_tag","embeddable":true,"href":"https:\/\/timan.dk\/de\/wp-json\/wp\/v2\/tags?post=13979"}],"curies":[{"name":"wp","href":"https:\/\/api.w.org\/{rel}","templated":true}]}}